{"id":19619,"date":"2024-07-01T09:51:40","date_gmt":"2024-07-01T09:51:40","guid":{"rendered":"https:\/\/new.findnews5.com\/?p=19619"},"modified":"2024-07-01T09:51:41","modified_gmt":"2024-07-01T09:51:41","slug":"sara-hoxha-ndan-lajmin-e-keq-me-ndjekesit-e-saj-shumica-prej-jush-ka-pritur-qe-une-te","status":"publish","type":"post","link":"https:\/\/new.findnews5.com\/?p=19619","title":{"rendered":"Sara Hoxha ndan \u2018LAJMIN E KEQ\u2019 me ndjek\u00ebsit e saj: Shumica prej jush ka pritur q\u00eb un\u00eb t\u00eb"},"content":{"rendered":"<div class=\"78954ae5fa42b68c1393fe3da4998882\" data-index=\"1\" style=\"float: none; margin:0px 0 0px 0; text-align:center;\">\n<div data-type=\"_mgwidget\" data-widget-id=\"1576712\">\r\n<\/div>\r\n<script>(function(w,q){w[q]=w[q]||[];w[q].push([\"_mgc.load\"])})(window,\"_mgq\");\r\n<\/script>\r\n\n<\/div>\n\n<p>Sara Hoxha prej muajsh \u00ebsht\u00eb futur n\u00eb grupin e vajzave me flok\u00ebt e kuqe.<\/p>\n\n\n\n<figure class=\"wp-block-image\"><img decoding=\"async\" src=\"https:\/\/blogseyir.com\/wp\/wp-content\/uploads\/2024\/07\/image-6.jpg\" alt=\"\" class=\"wp-image-48533\"\/><\/figure>\n\n\n\n<p>S\u00eb fundmi ajo i ka lyer flok\u00ebt n\u00eb ngjyr\u00eb vishnje, ngjyr\u00eb kjo q\u00eb \u00ebsht\u00eb kthyer n\u00eb nj\u00eb trend koh\u00ebt e fundit nga vajzat shqiptare dhe jo vet\u00ebm.<\/p>\n\n\n\n<p>Ajo ka ndar\u00eb \u2018nj\u00eb lajm t\u00eb keq\u201d me ndjek\u00ebsit e saj n\u00eb Instagram. N\u00eb nj\u00eb video t\u00eb postuar ajo \u00ebsht\u00eb shprehur:<\/p>\n\n\n\n<p>\u201dLajmi i keq \u00ebsht\u00eb q\u00eb k\u00ebto flok\u00ebt e kuqe nuk do hiqen kaq shpejt sa prisnit dhe do donit shumica prej jush k\u00ebtu brenda\u201d<\/p>\n\n\n\n<p>Epo mesa duket, Sar\u00ebn do ta shohim me k\u00ebt\u00eb look deri n\u00eb fund t\u00eb ver\u00ebs!<\/p>\n\n\n\n<figure class=\"wp-block-image\"><img decoding=\"async\" src=\"https:\/\/blogseyir.com\/wp\/wp-content\/uploads\/2024\/07\/image-5.jpg\" alt=\"\" class=\"wp-image-48532\"\/><\/figure>\n\n<div style=\"font-size: 0px; height: 0px; line-height: 0px; margin: 0; padding: 0; clear: both;\"><\/div>","protected":false},"excerpt":{"rendered":"<p>Sara Hoxha prej muajsh \u00ebsht\u00eb futur n\u00eb grupin e vajzave me flok\u00ebt e kuqe. S\u00eb fundmi ajo i ka lyer flok\u00ebt n\u00eb ngjyr\u00eb vishnje, ngjyr\u00eb kjo q\u00eb&#8230; <\/p>\n","protected":false},"author":1,"featured_media":19620,"comment_status":"open","ping_status":"open","sticky":false,"template":"","format":"standard","meta":{"footnotes":""},"categories":[6],"tags":[],"class_list":["post-19619","post","type-post","status-publish","format-standard","has-post-thumbnail","hentry","category-lajme"],"_links":{"self":[{"href":"https:\/\/new.findnews5.com\/index.php?rest_route=\/wp\/v2\/posts\/19619","targetHints":{"allow":["GET"]}}],"collection":[{"href":"https:\/\/new.findnews5.com\/index.php?rest_route=\/wp\/v2\/posts"}],"about":[{"href":"https:\/\/new.findnews5.com\/index.php?rest_route=\/wp\/v2\/types\/post"}],"author":[{"embeddable":true,"href":"https:\/\/new.findnews5.com\/index.php?rest_route=\/wp\/v2\/users\/1"}],"replies":[{"embeddable":true,"href":"https:\/\/new.findnews5.com\/index.php?rest_route=%2Fwp%2Fv2%2Fcomments&post=19619"}],"version-history":[{"count":0,"href":"https:\/\/new.findnews5.com\/index.php?rest_route=\/wp\/v2\/posts\/19619\/revisions"}],"wp:featuredmedia":[{"embeddable":true,"href":"https:\/\/new.findnews5.com\/index.php?rest_route=\/wp\/v2\/media\/19620"}],"wp:attachment":[{"href":"https:\/\/new.findnews5.com\/index.php?rest_route=%2Fwp%2Fv2%2Fmedia&parent=19619"}],"wp:term":[{"taxonomy":"category","embeddable":true,"href":"https:\/\/new.findnews5.com\/index.php?rest_route=%2Fwp%2Fv2%2Fcategories&post=19619"},{"taxonomy":"post_tag","embeddable":true,"href":"https:\/\/new.findnews5.com\/index.php?rest_route=%2Fwp%2Fv2%2Ftags&post=19619"}],"curies":[{"name":"wp","href":"https:\/\/api.w.org\/{rel}","templated":true}]}}