{"id":19615,"date":"2024-07-01T09:15:22","date_gmt":"2024-07-01T09:15:22","guid":{"rendered":"https:\/\/new.findnews5.com\/?p=19615"},"modified":"2024-07-01T09:15:24","modified_gmt":"2024-07-01T09:15:24","slug":"nderron-jete-shkrimtari-i-madh-ismail-kadare","status":"publish","type":"post","link":"https:\/\/new.findnews5.com\/?p=19615","title":{"rendered":"Nd\u00ebrron jet\u00eb shkrimtari i madh Ismail Kadare"},"content":{"rendered":"<div class=\"78954ae5fa42b68c1393fe3da4998882\" data-index=\"1\" style=\"float: none; margin:0px 0 0px 0; text-align:center;\">\n<div data-type=\"_mgwidget\" data-widget-id=\"1576712\">\r\n<\/div>\r\n<script>(function(w,q){w[q]=w[q]||[];w[q].push([\"_mgc.load\"])})(window,\"_mgq\");\r\n<\/script>\r\n\n<\/div>\n\n<p>Nd\u00ebrron jet\u00eb shkrimtari m\u00eb i madh shqiptar, Ismail Kadare<\/p>\n\n\n\n<p>Ismail Kadare (fr\u00ebngjisht: Isma\u00efl Kadar\u00e9; Gjirokast\u00ebr, 28 janar 1936) \u00ebsht\u00eb akademik, politikan, ish-deputet i Kuvendit Popullor (1970-\u201982), zv\/kryetar i Frontit Demokratik[1] dhe nj\u00eb nd\u00ebr shkrimtar\u00ebt m\u00eb t\u00eb m\u00ebdhenj bashk\u00ebkohor\u00eb.[2][3][4][5] Si shkrimtar shquhet kryesisht p\u00ebr proz\u00eb, por kontributi i tij shtrihet edhe n\u00eb dramaturgji, poezi dhe p\u00ebrkthime. Nisi t\u00eb shkruaj\u00eb kur ishte ende i ri, fillimisht poezi, me t\u00eb cilat u b\u00eb i njohur, e m\u00eb pas edhe proz\u00eb, duke u b\u00ebr\u00eb prozatori kryesor shqiptar.[6][7] Deri m\u00eb sot veprat e tij jan\u00eb p\u00ebrkthyer n\u00eb rreth 45 gjuh\u00eb t\u00eb ndryshme, duke qen\u00eb k\u00ebshtu p\u00ebrfaq\u00ebsues kryesor i let\u00ebrsis\u00eb shqipe n\u00ebp\u00ebr bot\u00eb.[2][3][4][5][8]<\/p>\n\n\n\n<p>N\u00eb vitin 1996 Kadare u b\u00eb an\u00ebtar i p\u00ebrhersh\u00ebm i Akademis\u00eb s\u00eb Shkencave Morale dhe Politike n\u00eb Franc\u00eb. \u00cbsht\u00eb nderuar me shum\u00eb \u00e7mime nd\u00ebrkomb\u00ebtare, mes t\u00eb cil\u00ebve \u00c7mimin \u00abMan Booker International\u00bb m\u00eb 2005,[9] \u00e7mimin \u00abPrincesa de Asturias\u00bb p\u00ebr Artet m\u00eb 2009 dhe \u00c7mimin \u00abJeruzalem\u00bb m\u00eb 2015. Viteve t\u00eb fundit ai e ndan koh\u00ebn e tij mes Franc\u00ebs dhe Shqip\u00ebris\u00eb.<\/p>\n\n\n\n<p>Q\u00ebndrimet kritike jan\u00eb t\u00eb ndara n\u00ebse Kadareja duhet par\u00eb si disident apo si konformist gjat\u00eb regjimit komunist.[10][11] Ai qe nd\u00ebr z\u00ebrat e pak\u00ebt kritik\u00eb, por mendohet se kjo qe e mundur n\u00eb saj\u00eb t\u00eb mbrojtjes nga vet\u00eb diktatori Enver Hoxha. \u00cbsht\u00eb par\u00eb nj\u00ebher\u00ebsh si nd\u00ebr shkrimtar\u00ebt m\u00eb t\u00eb m\u00ebdhenj bashk\u00ebkohor, por edhe si nacionalist mendjengusht\u00eb.[12]<\/p>\n\n\n\n<p>Disa akademik\u00eb jan\u00eb p\u00ebrsiatur rreth p\u00ebrshkrimit q\u00eb shkrimtari i ka b\u00ebr\u00eb Shqip\u00ebris\u00eb n\u00ebn Perandorin\u00eb Osmane si t\u00eb ndikuar nga prodhimi artistik Orientalist i koh\u00ebs s\u00eb regjimit,[13] e p\u00ebrkufizojn\u00eb si eurocentrist, esencialist, fundamentalist dhe anti-modernist,[14] duke u b\u00ebr\u00eb shkak i rritjes s\u00eb islamofobis\u00eb dhe racizmit.[13] N\u00eb Shqip\u00ebri shihet si p\u00ebrfaq\u00ebsuesi i mitologjis\u00eb anti-myslimane.[15]<\/p>\n\n<div style=\"font-size: 0px; height: 0px; line-height: 0px; margin: 0; padding: 0; clear: both;\"><\/div>","protected":false},"excerpt":{"rendered":"<p>Nd\u00ebrron jet\u00eb shkrimtari m\u00eb i madh shqiptar, Ismail Kadare Ismail Kadare (fr\u00ebngjisht: Isma\u00efl Kadar\u00e9; Gjirokast\u00ebr, 28 janar 1936) \u00ebsht\u00eb akademik, politikan, ish-deputet i Kuvendit Popullor (1970-\u201982), zv\/kryetar&#8230; <\/p>\n","protected":false},"author":1,"featured_media":19616,"comment_status":"open","ping_status":"open","sticky":false,"template":"","format":"standard","meta":{"footnotes":""},"categories":[6],"tags":[],"class_list":["post-19615","post","type-post","status-publish","format-standard","has-post-thumbnail","hentry","category-lajme"],"_links":{"self":[{"href":"https:\/\/new.findnews5.com\/index.php?rest_route=\/wp\/v2\/posts\/19615","targetHints":{"allow":["GET"]}}],"collection":[{"href":"https:\/\/new.findnews5.com\/index.php?rest_route=\/wp\/v2\/posts"}],"about":[{"href":"https:\/\/new.findnews5.com\/index.php?rest_route=\/wp\/v2\/types\/post"}],"author":[{"embeddable":true,"href":"https:\/\/new.findnews5.com\/index.php?rest_route=\/wp\/v2\/users\/1"}],"replies":[{"embeddable":true,"href":"https:\/\/new.findnews5.com\/index.php?rest_route=%2Fwp%2Fv2%2Fcomments&post=19615"}],"version-history":[{"count":0,"href":"https:\/\/new.findnews5.com\/index.php?rest_route=\/wp\/v2\/posts\/19615\/revisions"}],"wp:featuredmedia":[{"embeddable":true,"href":"https:\/\/new.findnews5.com\/index.php?rest_route=\/wp\/v2\/media\/19616"}],"wp:attachment":[{"href":"https:\/\/new.findnews5.com\/index.php?rest_route=%2Fwp%2Fv2%2Fmedia&parent=19615"}],"wp:term":[{"taxonomy":"category","embeddable":true,"href":"https:\/\/new.findnews5.com\/index.php?rest_route=%2Fwp%2Fv2%2Fcategories&post=19615"},{"taxonomy":"post_tag","embeddable":true,"href":"https:\/\/new.findnews5.com\/index.php?rest_route=%2Fwp%2Fv2%2Ftags&post=19615"}],"curies":[{"name":"wp","href":"https:\/\/api.w.org\/{rel}","templated":true}]}}