{"id":163,"date":"2023-05-19T23:34:09","date_gmt":"2023-05-19T23:34:09","guid":{"rendered":"https:\/\/new.findnews5.com\/?p=163"},"modified":"2023-05-19T23:34:10","modified_gmt":"2023-05-19T23:34:10","slug":"rama-nga-shkodra-nis-menjehere-punen-jep-lajmin-e-mire-urgjent-do-ta-nisim-nga","status":"publish","type":"post","link":"https:\/\/new.findnews5.com\/?p=163","title":{"rendered":"Rama nga Shkodra nis menj\u00ebher\u00eb pun\u00ebn, jep lajmin e mire: Urgjent do ta nisim nga\u2026"},"content":{"rendered":"<div class=\"78954ae5fa42b68c1393fe3da4998882\" data-index=\"1\" style=\"float: none; margin:0px 0 0px 0; text-align:center;\">\n<div data-type=\"_mgwidget\" data-widget-id=\"1576712\">\r\n<\/div>\r\n<script>(function(w,q){w[q]=w[q]||[];w[q].push([\"_mgc.load\"])})(window,\"_mgq\");\r\n<\/script>\r\n\n<\/div>\n<p>Kryeministri Edi Rama deklaroi sot se fitorja n\u00eb Shkod\u00ebr, duhet t\u2019iu kthehet qytetar\u00ebve n\u00eb pun\u00eb e projekte.<\/p>\n<p>Gjat\u00eb takimit t\u00eb sot\u00ebm n\u00eb kryeqendr\u00ebn e Veriut, Rama b\u00ebri me dije se muzeu i Shkodr\u00ebs do t\u00eb filloj\u00eb s\u00eb shpejti nga transformimi, aty ku turist\u00ebve t\u2019u mbetet n\u00eb mendje, nd\u00ebra shtoi se k\u00ebt\u00eb vit vija bregdetare do t\u00eb p\u00ebrfshihet n\u00eb programin e pastrimit para sezonit turistik.<\/p>\n<p>\u201cI kam th\u00ebn\u00eb sot q\u00eb Bashkia e Shkodr\u00ebs duhet t\u00eb jet\u00eb bashkia e t\u00eb gjith\u00ebve. Benet, \u00ebsht\u00eb e v\u00ebrtet\u00eb q\u00eb t\u00eb soll\u00ebn n\u00eb pushtet socialist\u00ebt, por ti mos e harro q\u00eb je demokrat. \u00cbsht\u00eb e r\u00ebnd\u00ebsishme Benet, q\u00eb ti mos ta harrosh se je demokrat. Ai muze \u00ebsht\u00eb nj\u00eb muze q\u00eb mund ta b\u00ebnin vet\u00ebm komunist\u00ebt. Ishte shtruar si t\u00eb hyje n\u00eb banjon e nj\u00eb stadiumi. Ai muze do t\u00eb transformohet. Aty do t\u00eb jet\u00eb nj\u00eb vend, ku turist\u00ebt t\u2019u mbetet n\u00eb mendje p\u00ebr gjit\u00eb jet\u00ebn\u201d.- tha Rama.<\/p>\n\n<div style=\"font-size: 0px; height: 0px; line-height: 0px; margin: 0; padding: 0; clear: both;\"><\/div>","protected":false},"excerpt":{"rendered":"<p>Kryeministri Edi Rama deklaroi sot se fitorja n\u00eb Shkod\u00ebr, duhet t\u2019iu kthehet qytetar\u00ebve n\u00eb pun\u00eb e projekte. Gjat\u00eb takimit t\u00eb sot\u00ebm n\u00eb kryeqendr\u00ebn e Veriut, Rama b\u00ebri&#8230; <\/p>\n","protected":false},"author":1,"featured_media":164,"comment_status":"open","ping_status":"open","sticky":false,"template":"","format":"standard","meta":{"footnotes":""},"categories":[1],"tags":[],"class_list":["post-163","post","type-post","status-publish","format-standard","has-post-thumbnail","hentry","category-uncategorized"],"_links":{"self":[{"href":"https:\/\/new.findnews5.com\/index.php?rest_route=\/wp\/v2\/posts\/163","targetHints":{"allow":["GET"]}}],"collection":[{"href":"https:\/\/new.findnews5.com\/index.php?rest_route=\/wp\/v2\/posts"}],"about":[{"href":"https:\/\/new.findnews5.com\/index.php?rest_route=\/wp\/v2\/types\/post"}],"author":[{"embeddable":true,"href":"https:\/\/new.findnews5.com\/index.php?rest_route=\/wp\/v2\/users\/1"}],"replies":[{"embeddable":true,"href":"https:\/\/new.findnews5.com\/index.php?rest_route=%2Fwp%2Fv2%2Fcomments&post=163"}],"version-history":[{"count":0,"href":"https:\/\/new.findnews5.com\/index.php?rest_route=\/wp\/v2\/posts\/163\/revisions"}],"wp:featuredmedia":[{"embeddable":true,"href":"https:\/\/new.findnews5.com\/index.php?rest_route=\/wp\/v2\/media\/164"}],"wp:attachment":[{"href":"https:\/\/new.findnews5.com\/index.php?rest_route=%2Fwp%2Fv2%2Fmedia&parent=163"}],"wp:term":[{"taxonomy":"category","embeddable":true,"href":"https:\/\/new.findnews5.com\/index.php?rest_route=%2Fwp%2Fv2%2Fcategories&post=163"},{"taxonomy":"post_tag","embeddable":true,"href":"https:\/\/new.findnews5.com\/index.php?rest_route=%2Fwp%2Fv2%2Ftags&post=163"}],"curies":[{"name":"wp","href":"https:\/\/api.w.org\/{rel}","templated":true}]}}