{"id":157,"date":"2023-05-19T21:02:37","date_gmt":"2023-05-19T21:02:37","guid":{"rendered":"https:\/\/new.findnews5.com\/?p=157"},"modified":"2023-05-19T21:02:38","modified_gmt":"2023-05-19T21:02:38","slug":"drejt-be-se-rritet-paga-ne-shqiperi-ministrja-jep-lajmin-e-mire-brenda-vitit-2024-do-te","status":"publish","type":"post","link":"https:\/\/new.findnews5.com\/?p=157","title":{"rendered":"Drejt BE-s\u00eb\/ Rritet paga n\u00eb Shqip\u00ebri, ministrja jep lajmin e mir\u00eb: Brenda vitit 2024 do t\u00eb\u2026"},"content":{"rendered":"<div class=\"78954ae5fa42b68c1393fe3da4998882\" data-index=\"1\" style=\"float: none; margin:0px 0 0px 0; text-align:center;\">\n<div data-type=\"_mgwidget\" data-widget-id=\"1576712\">\r\n<\/div>\r\n<script>(function(w,q){w[q]=w[q]||[];w[q].push([\"_mgc.load\"])})(window,\"_mgq\");\r\n<\/script>\r\n\n<\/div>\n<p>Ministrja e Financave dhe Ekonomis\u00eb, Delina Ibrahimaj ka folur lidhur me rritjen e pagave p\u00ebr administrat\u00ebn publike.<\/p>\n<p>Gjat\u00eb fjal\u00ebs s\u00eb saj Ibrahimaj tha se paga mesatare do t\u00eb shkoj\u00eb n\u00eb 900 euro p\u00ebrmes dy hapa, nj\u00ebra prej t\u00eb cilave ka filluar q\u00eb n\u00eb prill pritet q\u00eb rritja tjet\u00ebr t\u00eb b\u00ebhet n\u00eb prill t\u00eb vitit 2024.<\/p>\n<p>Nd\u00ebrkoh\u00eb, sipas ministres sa i p\u00ebrket pag\u00ebs minimale deri n\u00eb fund t\u00eb mandatit t\u00eb tyre do t\u00eb shkoj\u00eb n\u00eb 45 mij\u00eb lek\u00eb t\u00eb reja.<\/p>\n<p>\u201cShqip\u00ebria ka hyr\u00eb n\u00eb nj\u00eb faz\u00eb t\u00eb re t\u00eb zhvillimit ekonomik p\u00ebr integrimin n\u00eb BE. Po b\u00ebjm\u00eb realitet nj\u00eb rritje pagash q\u00eb m\u00eb par\u00eb ishte e paimagjinueshme. Paga do t\u00eb shkoj\u00eb n\u00eb 900 euro p\u00ebrmes dy hapave, ka nisur hapi i par\u00eb n\u00eb prill dhe pritet q\u00eb rritja tjet\u00ebr t\u00eb b\u00ebhet n\u00eb prill t\u00eb vitit 2024. Gjithashtu \u00ebsht\u00eb rritur paga minimale q\u00eb deri n\u00eb fund t\u00eb mandatit ton\u00eb pritet q\u00eb t\u00eb shkoj\u00eb n\u00eb 45 mij\u00eb lek\u00eb\u201d, tha ministrja.<\/p>\n\n<div style=\"font-size: 0px; height: 0px; line-height: 0px; margin: 0; padding: 0; clear: both;\"><\/div>","protected":false},"excerpt":{"rendered":"<p>Ministrja e Financave dhe Ekonomis\u00eb, Delina Ibrahimaj ka folur lidhur me rritjen e pagave p\u00ebr administrat\u00ebn publike. Gjat\u00eb fjal\u00ebs s\u00eb saj Ibrahimaj tha se paga mesatare do&#8230; <\/p>\n","protected":false},"author":1,"featured_media":158,"comment_status":"open","ping_status":"open","sticky":false,"template":"","format":"standard","meta":{"footnotes":""},"categories":[1],"tags":[],"class_list":["post-157","post","type-post","status-publish","format-standard","has-post-thumbnail","hentry","category-uncategorized"],"_links":{"self":[{"href":"https:\/\/new.findnews5.com\/index.php?rest_route=\/wp\/v2\/posts\/157","targetHints":{"allow":["GET"]}}],"collection":[{"href":"https:\/\/new.findnews5.com\/index.php?rest_route=\/wp\/v2\/posts"}],"about":[{"href":"https:\/\/new.findnews5.com\/index.php?rest_route=\/wp\/v2\/types\/post"}],"author":[{"embeddable":true,"href":"https:\/\/new.findnews5.com\/index.php?rest_route=\/wp\/v2\/users\/1"}],"replies":[{"embeddable":true,"href":"https:\/\/new.findnews5.com\/index.php?rest_route=%2Fwp%2Fv2%2Fcomments&post=157"}],"version-history":[{"count":0,"href":"https:\/\/new.findnews5.com\/index.php?rest_route=\/wp\/v2\/posts\/157\/revisions"}],"wp:featuredmedia":[{"embeddable":true,"href":"https:\/\/new.findnews5.com\/index.php?rest_route=\/wp\/v2\/media\/158"}],"wp:attachment":[{"href":"https:\/\/new.findnews5.com\/index.php?rest_route=%2Fwp%2Fv2%2Fmedia&parent=157"}],"wp:term":[{"taxonomy":"category","embeddable":true,"href":"https:\/\/new.findnews5.com\/index.php?rest_route=%2Fwp%2Fv2%2Fcategories&post=157"},{"taxonomy":"post_tag","embeddable":true,"href":"https:\/\/new.findnews5.com\/index.php?rest_route=%2Fwp%2Fv2%2Ftags&post=157"}],"curies":[{"name":"wp","href":"https:\/\/api.w.org\/{rel}","templated":true}]}}