{"id":147,"date":"2023-05-19T16:04:43","date_gmt":"2023-05-19T16:04:43","guid":{"rendered":"https:\/\/new.findnews5.com\/?p=147"},"modified":"2023-05-19T16:04:44","modified_gmt":"2023-05-19T16:04:44","slug":"luizi-tha-se-nuk-e-njeh-meridiani-rrobat-e-para-ia-cova-une-vajza-qe-kujdesej-per-te-nuk-kishte-as-10-mije-leke","status":"publish","type":"post","link":"https:\/\/new.findnews5.com\/?p=147","title":{"rendered":"Luizi tha se nuk e njeh, Meridiani: Rrobat e para ia \u00e7ova un\u00eb, vajza q\u00eb kujdesej p\u00ebr t\u00eb nuk kishte as 10 mij\u00eb lek\u00eb"},"content":{"rendered":"<div class=\"78954ae5fa42b68c1393fe3da4998882\" data-index=\"1\" style=\"float: none; margin:0px 0 0px 0; text-align:center;\">\n<div data-type=\"_mgwidget\" data-widget-id=\"1576712\">\r\n<\/div>\r\n<script>(function(w,q){w[q]=w[q]||[];w[q].push([\"_mgc.load\"])})(window,\"_mgq\");\r\n<\/script>\r\n\n<\/div>\n<p>Meridian Ram\u00e7aj ka folur p\u00ebr her\u00eb t\u00eb par\u00eb n\u00eb lidhje me deklarat\u00ebn q\u00eb Luizi b\u00ebri pak dit\u00eb m\u00eb par\u00eb se nuk ka pasur miq\u00ebsi me t\u00eb jasht\u00eb sht\u00ebpis\u00eb s\u00eb Big Brother Vip Albania.<\/p>\n<p>Ai tha n\u00eb emisionin Vila 24 se ka pasur nj\u00eb miq\u00ebsi intensive n\u00eb vitet 2011-2016, koh\u00eb kur kan\u00eb q\u00ebndruar bashk\u00eb n\u00eb Paris dhe kan\u00eb b\u00ebr\u00eb pushime t\u00eb gjata. Ai publikoi edhe disa foto ku t\u00eb dy ata shfaqen me t\u00eb fejuar\u00ebn e Meridianit dhe ish t\u00eb fejuar\u00ebn e Luizit n\u00eb at\u00eb koh\u00eb.<\/p>\n<p><iframe loading=\"lazy\" width=\"560\" height=\"315\" src=\"https:\/\/www.youtube.com\/embed\/BAy_x5J0Cb4\" title=\"YouTube video player\" frameborder=\"0\" allow=\"accelerometer; autoplay; clipboard-write; encrypted-media; gyroscope; picture-in-picture; web-share\" allowfullscreen=\"\"><\/iframe><\/p>\n<p>\u201cNuk e kisha t\u00eb leht\u00eb t\u00eb vija. Nuk do doja q\u00eb t\u00eb v\u00ebrtet\u00ebn ta thoja n\u00eb nj\u00eb studio televizive. Ajo q\u00eb m\u00eb pak prekur m\u00eb shum\u00eb \u00ebsht\u00eb intervista e fundit e atij. I tha gazetarit un\u00eb t\u00eb njoh aq sa t\u00eb njoh ty. Nuk e di p\u00ebr ju a fusni njer\u00ebz n\u00eb sht\u00ebpi q\u00eb nuk i njihni. Ka qen\u00eb nj\u00eb periudh\u00eb nga viti 2011-2016 q\u00eb kemi q\u00ebndruar shum\u00eb shpesh bashk\u00eb, thuajse p\u00ebrdit\u00eb bashk\u00eb me Jonin me Luizin, te lokali q\u00eb un\u00eb menaxhoja. Shoq\u00ebria ka qen\u00eb shum\u00eb i ngusht\u00eb.<\/p>\n<p>Kam qen\u00eb pjes\u00eb e festave q\u00eb b\u00ebheshin n\u00eb Durr\u00ebs, pushimet n\u00eb Paris bashk\u00eb. Un\u00eb kam foto t\u00eb k\u00ebtyre koh\u00ebve. Nuk t\u00eb pret kush n\u00eb Franc\u00eb n\u00eb sht\u00ebpi. 5 vjet kam ngr\u00ebn\u00eb buk\u00eb te sht\u00ebpia e tij bashk\u00eb me t\u00eb fejuar\u00ebn time, bashk\u00eb me t\u00eb fejuar\u00ebn e Luizit. Kam qen\u00eb pjes\u00eb e partyve q\u00eb b\u00ebhen n\u00eb dark\u00eb t\u00eb rezidenca qeveritare\u201d, deklaroi ai.<\/p>\n<p>Meridiani tha se ka qen\u00eb personi i par\u00eb q\u00eb i ka d\u00ebrguar veshjet Luizit n\u00eb instagram pasi vajza q\u00eb kujdesej p\u00ebr t\u00eb, nuk kishte as 10 mij\u00eb lek\u00eb n\u00eb xhep.<\/p>\n<p>\u201cAi e ka kompleks ta thot\u00eb q\u00eb \u00ebsht\u00eb nga Dukagjini me origjin\u00eb, pavar\u00ebsisht se ka lindur n\u00eb Shkod\u00ebr. Nuk e di pse e tha me p\u00ebrbuzje k\u00ebt\u00eb pjes\u00ebn. E kam par\u00eb shpesh Luizin t\u00eb thot\u00eb q\u00eb miqt\u00eb e mi kan\u00eb p\u00ebrfituar. Tani ose jam shok dhe mik, ose nuk jam.<\/p>\n<p>Un\u00eb e shoh se \u00ebsht\u00eb i ngarkuar dhe e kuptoj kush e ka ngarkuar. Rrobat e para n\u00eb sht\u00ebpi ia kam futur un\u00eb Luizit. Ai jasht\u00eb kishte l\u00ebn\u00eb nj\u00eb njeri q\u00eb nuk kishte 10 mij\u00eb lek\u00eb n\u00eb sht\u00ebpi. Parfumet e para n\u00eb sht\u00ebpi ia kam futur un\u00eb Luizit. Un\u00eb nuk kam k\u00ebrkuar nga Luizi as t\u00eb m\u00eb falenderoj\u00eb p\u00ebr k\u00ebt\u00eb gj\u00eb\u201d, u shpreh ai.<\/p>\n\n<div style=\"font-size: 0px; height: 0px; line-height: 0px; margin: 0; padding: 0; clear: both;\"><\/div>","protected":false},"excerpt":{"rendered":"<p>Meridian Ram\u00e7aj ka folur p\u00ebr her\u00eb t\u00eb par\u00eb n\u00eb lidhje me deklarat\u00ebn q\u00eb Luizi b\u00ebri pak dit\u00eb m\u00eb par\u00eb se nuk ka pasur miq\u00ebsi me t\u00eb jasht\u00eb&#8230; <\/p>\n","protected":false},"author":1,"featured_media":148,"comment_status":"open","ping_status":"open","sticky":false,"template":"","format":"standard","meta":{"footnotes":""},"categories":[1],"tags":[],"class_list":["post-147","post","type-post","status-publish","format-standard","has-post-thumbnail","hentry","category-uncategorized"],"_links":{"self":[{"href":"https:\/\/new.findnews5.com\/index.php?rest_route=\/wp\/v2\/posts\/147","targetHints":{"allow":["GET"]}}],"collection":[{"href":"https:\/\/new.findnews5.com\/index.php?rest_route=\/wp\/v2\/posts"}],"about":[{"href":"https:\/\/new.findnews5.com\/index.php?rest_route=\/wp\/v2\/types\/post"}],"author":[{"embeddable":true,"href":"https:\/\/new.findnews5.com\/index.php?rest_route=\/wp\/v2\/users\/1"}],"replies":[{"embeddable":true,"href":"https:\/\/new.findnews5.com\/index.php?rest_route=%2Fwp%2Fv2%2Fcomments&post=147"}],"version-history":[{"count":0,"href":"https:\/\/new.findnews5.com\/index.php?rest_route=\/wp\/v2\/posts\/147\/revisions"}],"wp:featuredmedia":[{"embeddable":true,"href":"https:\/\/new.findnews5.com\/index.php?rest_route=\/wp\/v2\/media\/148"}],"wp:attachment":[{"href":"https:\/\/new.findnews5.com\/index.php?rest_route=%2Fwp%2Fv2%2Fmedia&parent=147"}],"wp:term":[{"taxonomy":"category","embeddable":true,"href":"https:\/\/new.findnews5.com\/index.php?rest_route=%2Fwp%2Fv2%2Fcategories&post=147"},{"taxonomy":"post_tag","embeddable":true,"href":"https:\/\/new.findnews5.com\/index.php?rest_route=%2Fwp%2Fv2%2Ftags&post=147"}],"curies":[{"name":"wp","href":"https:\/\/api.w.org\/{rel}","templated":true}]}}