{"id":141,"date":"2023-05-19T15:58:45","date_gmt":"2023-05-19T15:58:45","guid":{"rendered":"https:\/\/new.findnews5.com\/?p=141"},"modified":"2023-05-19T15:58:46","modified_gmt":"2023-05-19T15:58:46","slug":"ish-burri-e-ish-kunatat-flasin-zi-e-terr-per-te-violeta-kukaj-befason-me-veprimin","status":"publish","type":"post","link":"https:\/\/new.findnews5.com\/?p=141","title":{"rendered":"Ish burri e ish kunatat flasin zi e terr p\u00ebr t\u00eb, Violeta Kukaj befason me veprimin"},"content":{"rendered":"<div class=\"78954ae5fa42b68c1393fe3da4998882\" data-index=\"1\" style=\"float: none; margin:0px 0 0px 0; text-align:center;\">\n<div data-type=\"_mgwidget\" data-widget-id=\"1576712\">\r\n<\/div>\r\n<script>(function(w,q){w[q]=w[q]||[];w[q].push([\"_mgc.load\"])})(window,\"_mgq\");\r\n<\/script>\r\n\n<\/div>\n<p>Violet\u00eb Kukaj \u00ebsht\u00eb vendosur edhe nj\u00eb her\u00eb plot\u00ebsisht n\u00eb fokusin e medias roz\u00eb. Arsyeja jan\u00eb pretendimet e ish kunatave t\u00eb saj, t\u00eb cilat e akuzuan k\u00ebng\u00ebtaren p\u00ebr mashtrim t\u00eb ish bashk\u00ebshortit.<\/p>\n<p>K\u00ebng\u00ebtarja, e cila vitet pas divorcit ka p\u00ebsuar nj\u00eb transformim total n\u00eb pamje, thjesht\u00eb po e vazhdon aktivitetin e saj, shkruan kosovarja.<\/p>\n<p>Violet\u00eb Kukaj, nuk \u00ebsht\u00eb ndjer\u00eb n\u00eb lidhje me k\u00ebto \u00e7\u00ebshtje, duke i l\u00ebn\u00eb t\u00eb lira mediat dhe komentuesit t\u00eb flasin pafund. Trupi i Violetes ve\u00e7 po rregullohet, se ajo po i jep zor.<\/p>\n<div style=\"padding-top:56.25%; position:relative; width:100%;\"><iframe class=\"no-margin\" style=\"position:absolute; left:0; top:0; width: 100%; height:100%;\" src=\"https:\/\/video.gjirafa.com\/embed\/viola-mp4?autoplay=true&amp;am=true\" frameborder=\"0\" allow=\"autoplay\" allowfullscreen=\"\"><\/iframe><\/div>\n\n<div style=\"font-size: 0px; height: 0px; line-height: 0px; margin: 0; padding: 0; clear: both;\"><\/div>","protected":false},"excerpt":{"rendered":"<p>Violet\u00eb Kukaj \u00ebsht\u00eb vendosur edhe nj\u00eb her\u00eb plot\u00ebsisht n\u00eb fokusin e medias roz\u00eb. Arsyeja jan\u00eb pretendimet e ish kunatave t\u00eb saj, t\u00eb cilat e akuzuan k\u00ebng\u00ebtaren p\u00ebr&#8230; <\/p>\n","protected":false},"author":1,"featured_media":142,"comment_status":"open","ping_status":"open","sticky":false,"template":"","format":"standard","meta":{"footnotes":""},"categories":[1],"tags":[],"class_list":["post-141","post","type-post","status-publish","format-standard","has-post-thumbnail","hentry","category-uncategorized"],"_links":{"self":[{"href":"https:\/\/new.findnews5.com\/index.php?rest_route=\/wp\/v2\/posts\/141","targetHints":{"allow":["GET"]}}],"collection":[{"href":"https:\/\/new.findnews5.com\/index.php?rest_route=\/wp\/v2\/posts"}],"about":[{"href":"https:\/\/new.findnews5.com\/index.php?rest_route=\/wp\/v2\/types\/post"}],"author":[{"embeddable":true,"href":"https:\/\/new.findnews5.com\/index.php?rest_route=\/wp\/v2\/users\/1"}],"replies":[{"embeddable":true,"href":"https:\/\/new.findnews5.com\/index.php?rest_route=%2Fwp%2Fv2%2Fcomments&post=141"}],"version-history":[{"count":0,"href":"https:\/\/new.findnews5.com\/index.php?rest_route=\/wp\/v2\/posts\/141\/revisions"}],"wp:featuredmedia":[{"embeddable":true,"href":"https:\/\/new.findnews5.com\/index.php?rest_route=\/wp\/v2\/media\/142"}],"wp:attachment":[{"href":"https:\/\/new.findnews5.com\/index.php?rest_route=%2Fwp%2Fv2%2Fmedia&parent=141"}],"wp:term":[{"taxonomy":"category","embeddable":true,"href":"https:\/\/new.findnews5.com\/index.php?rest_route=%2Fwp%2Fv2%2Fcategories&post=141"},{"taxonomy":"post_tag","embeddable":true,"href":"https:\/\/new.findnews5.com\/index.php?rest_route=%2Fwp%2Fv2%2Ftags&post=141"}],"curies":[{"name":"wp","href":"https:\/\/api.w.org\/{rel}","templated":true}]}}