{"id":134,"date":"2023-05-19T15:49:27","date_gmt":"2023-05-19T15:49:27","guid":{"rendered":"https:\/\/new.findnews5.com\/?p=134"},"modified":"2023-05-19T15:49:28","modified_gmt":"2023-05-19T15:49:28","slug":"36-vjecarja-e-divorcuar-habit-me-historine-vjehrra-me-thoshte-diten-e-imja-naten-e-burrit-nuk-mund-te","status":"publish","type":"post","link":"https:\/\/new.findnews5.com\/?p=134","title":{"rendered":"36 vje\u00e7arja e divorcuar habit me historin\u00eb: Vjehrra me thoshte dit\u00ebn e imja, nat\u00ebn e burrit, nuk mund t\u00eb\u2026"},"content":{"rendered":"<div class=\"78954ae5fa42b68c1393fe3da4998882\" data-index=\"1\" style=\"float: none; margin:0px 0 0px 0; text-align:center;\">\n<div data-type=\"_mgwidget\" data-widget-id=\"1576712\">\r\n<\/div>\r\n<script>(function(w,q){w[q]=w[q]||[];w[q].push([\"_mgc.load\"])})(window,\"_mgq\");\r\n<\/script>\r\n\n<\/div>\n<p>Diten e djeshme n\u00eb \u201cFtes\u00eb n\u00eb 5\u201d me Bieta Sulon u trajtua historia e Elona Salkurtit, 36 vje\u00e7arja q\u00eb pak muaj m\u00eb par\u00eb p\u00ebrfundoi studimet e mesme.<\/p>\n<p>N\u0113 pamund\u00ebsi p\u00ebr t\u00eb vazhduar studimet pas 9-t\u00eb vje\u00e7ares, Elona zgjodhi t\u00eb kuror\u00ebzonte n\u00eb fejes\u00eb dashurin\u00eb me burrin e jet\u00ebs.<\/p>\n<p>\u201cMendova se s\u2019 m\u00eb duhej shkolla n\u00eb at\u00eb koh\u00eb ose q\u00eb mund ta b\u00ebja m\u00eb von\u00eb bashk\u00eb me tim shoq se dhe ai ishte pa shkoll\u00eb\u201d, tha ajo.<\/p>\n<p>36 vje\u00e7arja rr\u00ebfeu se me kalimin e viteve martesa filloi t\u00eb kishte shum\u00eb probleme dhe se vjehrra kontrollonte vazhdimisht jet\u00ebn e tyre.<\/p>\n<p>\u201cVjehrra nuk donte nuse me shkoll\u00eb. Madje i thoshte burrit tim q\u00eb nusen e ke ti n\u00eb dark\u00eb, kurse dit\u00ebn e kam un\u00eb, se komandonte ajo\u201d, tha Elona.<\/p>\n<p>Prej 4 vitesh Elona \u00ebsht\u00eb n\u00ebn\u00eb e divorcuar e dy f\u00ebmij\u00ebve. Sapo mbaroi studimet e mesme dhe ka n\u00eb plan t\u00eb nis\u00eb studimet e larta p\u00ebr m\u00ebsuesi<\/p>\n\n<div style=\"font-size: 0px; height: 0px; line-height: 0px; margin: 0; padding: 0; clear: both;\"><\/div>","protected":false},"excerpt":{"rendered":"<p>Diten e djeshme n\u00eb \u201cFtes\u00eb n\u00eb 5\u201d me Bieta Sulon u trajtua historia e Elona Salkurtit, 36 vje\u00e7arja q\u00eb pak muaj m\u00eb par\u00eb p\u00ebrfundoi studimet e mesme&#8230;. <\/p>\n","protected":false},"author":1,"featured_media":135,"comment_status":"open","ping_status":"open","sticky":false,"template":"","format":"standard","meta":{"footnotes":""},"categories":[1],"tags":[],"class_list":["post-134","post","type-post","status-publish","format-standard","has-post-thumbnail","hentry","category-uncategorized"],"_links":{"self":[{"href":"https:\/\/new.findnews5.com\/index.php?rest_route=\/wp\/v2\/posts\/134","targetHints":{"allow":["GET"]}}],"collection":[{"href":"https:\/\/new.findnews5.com\/index.php?rest_route=\/wp\/v2\/posts"}],"about":[{"href":"https:\/\/new.findnews5.com\/index.php?rest_route=\/wp\/v2\/types\/post"}],"author":[{"embeddable":true,"href":"https:\/\/new.findnews5.com\/index.php?rest_route=\/wp\/v2\/users\/1"}],"replies":[{"embeddable":true,"href":"https:\/\/new.findnews5.com\/index.php?rest_route=%2Fwp%2Fv2%2Fcomments&post=134"}],"version-history":[{"count":0,"href":"https:\/\/new.findnews5.com\/index.php?rest_route=\/wp\/v2\/posts\/134\/revisions"}],"wp:featuredmedia":[{"embeddable":true,"href":"https:\/\/new.findnews5.com\/index.php?rest_route=\/wp\/v2\/media\/135"}],"wp:attachment":[{"href":"https:\/\/new.findnews5.com\/index.php?rest_route=%2Fwp%2Fv2%2Fmedia&parent=134"}],"wp:term":[{"taxonomy":"category","embeddable":true,"href":"https:\/\/new.findnews5.com\/index.php?rest_route=%2Fwp%2Fv2%2Fcategories&post=134"},{"taxonomy":"post_tag","embeddable":true,"href":"https:\/\/new.findnews5.com\/index.php?rest_route=%2Fwp%2Fv2%2Ftags&post=134"}],"curies":[{"name":"wp","href":"https:\/\/api.w.org\/{rel}","templated":true}]}}