{"id":127,"date":"2023-05-18T22:30:18","date_gmt":"2023-05-18T22:30:18","guid":{"rendered":"https:\/\/new.findnews5.com\/?p=127"},"modified":"2023-05-18T22:30:19","modified_gmt":"2023-05-18T22:30:19","slug":"shefja-ishte-xheloze-per-mua-habit-motra-e-olta-gixharit-me-hoqen-nga-puna-ne-top-channel-padrejtesisht","status":"publish","type":"post","link":"https:\/\/new.findnews5.com\/?p=127","title":{"rendered":"\u201cShefja ishte xheloze p\u00ebr mua\u201d, habit motra e Olta Gixharit: M\u00eb hoq\u00ebn nga puna n\u00eb Top Channel padrejt\u00ebsisht"},"content":{"rendered":"<div class=\"78954ae5fa42b68c1393fe3da4998882\" data-index=\"1\" style=\"float: none; margin:0px 0 0px 0; text-align:center;\">\n<div data-type=\"_mgwidget\" data-widget-id=\"1576712\">\r\n<\/div>\r\n<script>(function(w,q){w[q]=w[q]||[];w[q].push([\"_mgc.load\"])})(window,\"_mgq\");\r\n<\/script>\r\n\n<\/div>\n<p>Gerta Gixhari motra e aktores Olta Gixhari e ftuar n\u00eb emisionin \u201cNat\u00ebn me Aulon\u00ebn\u201d, ka treguar nj\u00eb rast kur e kan\u00eb hequr nga puna n\u00eb m\u00ebnyr\u00eb t\u00eb padrejt\u00eb.<\/p>\n<p>\u201cPo patjet\u00ebr q\u00eb m\u00eb kan\u00eb hequr nga puna n\u00eb m\u00ebnyr\u00eb t\u00eb padrejt\u00eb, nga xhelozia fem\u00ebrore, por prap\u00eb un\u00eb nuk jam ajo feministja e thekur. Kam debatuar me personin, jam munduar t\u00eb k\u00ebrkoj t\u00eb drejt\u00ebn time edhe m\u00eb lart se pozicioni i shefes time, por nuk e kam gjetur. P\u00ebr shembull nga Top Channel un\u00eb ika sepse ajo q\u00eb ishte mbi mua, kryeredaktorja u ndje xheloze dhe ma tha shum\u00eb hapur. M\u00eb tha arsyeja pse dua t\u00eb ik\u00ebsh Gerta nuk ka t\u00eb b\u00ebj\u00eb m\u00eb pun\u00ebn, por thjesht nuk m\u00eb ec\u00ebn muhabeti me ty. Un\u00eb nuk isha ajo vajza q\u00eb b\u00ebja lajka, t\u00eb shkoja n\u00eb m\u00ebngjes t\u2019i \u00e7oja ndonj\u00eb frut, kafe. Ky rast ka vite, por k\u00ebto jan\u00eb situata q\u00eb ekzistojn\u00eb n\u00eb Shqip\u00ebri. Jan\u00eb pik\u00ebrisht k\u00ebto njer\u00ebz q\u00eb t\u00eb pengojn\u00eb t\u00eb ec\u00ebsh p\u00ebrpara. N\u00eb fakt b\u00ebri shum\u00eb mir\u00eb q\u00eb m\u00eb hoqi se menj\u00ebher\u00eb pas k\u00ebsaj un\u00eb shkova n\u00eb RTSH dhe realizova \u00ebndrr\u00ebn time q\u00eb ishte t\u00eb kisha nj\u00eb program timin personal\u201c, tregoi Gerta.<\/p>\n\n<div style=\"font-size: 0px; height: 0px; line-height: 0px; margin: 0; padding: 0; clear: both;\"><\/div>","protected":false},"excerpt":{"rendered":"<p>Gerta Gixhari motra e aktores Olta Gixhari e ftuar n\u00eb emisionin \u201cNat\u00ebn me Aulon\u00ebn\u201d, ka treguar nj\u00eb rast kur e kan\u00eb hequr nga puna n\u00eb m\u00ebnyr\u00eb t\u00eb&#8230; <\/p>\n","protected":false},"author":1,"featured_media":128,"comment_status":"open","ping_status":"open","sticky":false,"template":"","format":"standard","meta":{"footnotes":""},"categories":[1],"tags":[],"class_list":["post-127","post","type-post","status-publish","format-standard","has-post-thumbnail","hentry","category-uncategorized"],"_links":{"self":[{"href":"https:\/\/new.findnews5.com\/index.php?rest_route=\/wp\/v2\/posts\/127","targetHints":{"allow":["GET"]}}],"collection":[{"href":"https:\/\/new.findnews5.com\/index.php?rest_route=\/wp\/v2\/posts"}],"about":[{"href":"https:\/\/new.findnews5.com\/index.php?rest_route=\/wp\/v2\/types\/post"}],"author":[{"embeddable":true,"href":"https:\/\/new.findnews5.com\/index.php?rest_route=\/wp\/v2\/users\/1"}],"replies":[{"embeddable":true,"href":"https:\/\/new.findnews5.com\/index.php?rest_route=%2Fwp%2Fv2%2Fcomments&post=127"}],"version-history":[{"count":0,"href":"https:\/\/new.findnews5.com\/index.php?rest_route=\/wp\/v2\/posts\/127\/revisions"}],"wp:featuredmedia":[{"embeddable":true,"href":"https:\/\/new.findnews5.com\/index.php?rest_route=\/wp\/v2\/media\/128"}],"wp:attachment":[{"href":"https:\/\/new.findnews5.com\/index.php?rest_route=%2Fwp%2Fv2%2Fmedia&parent=127"}],"wp:term":[{"taxonomy":"category","embeddable":true,"href":"https:\/\/new.findnews5.com\/index.php?rest_route=%2Fwp%2Fv2%2Fcategories&post=127"},{"taxonomy":"post_tag","embeddable":true,"href":"https:\/\/new.findnews5.com\/index.php?rest_route=%2Fwp%2Fv2%2Ftags&post=127"}],"curies":[{"name":"wp","href":"https:\/\/api.w.org\/{rel}","templated":true}]}}