{"id":121,"date":"2023-05-18T22:26:20","date_gmt":"2023-05-18T22:26:20","guid":{"rendered":"https:\/\/new.findnews5.com\/?p=121"},"modified":"2023-05-18T22:26:21","modified_gmt":"2023-05-18T22:26:21","slug":"situate-alarmante-ne-itali-8-%d1%b5iktima-nga-moti-i-keq-21-lumenj-te-dale-nga-shtrati","status":"publish","type":"post","link":"https:\/\/new.findnews5.com\/?p=121","title":{"rendered":"Situat\u00eb alarmante n\u00eb Itali: 8 \u0475iktima nga moti i keq, 21 lumenj t\u00eb dal\u00eb nga shtrati"},"content":{"rendered":"<div class=\"78954ae5fa42b68c1393fe3da4998882\" data-index=\"1\" style=\"float: none; margin:0px 0 0px 0; text-align:center;\">\n<div data-type=\"_mgwidget\" data-widget-id=\"1576712\">\r\n<\/div>\r\n<script>(function(w,q){w[q]=w[q]||[];w[q].push([\"_mgc.load\"])})(window,\"_mgq\");\r\n<\/script>\r\n\n<\/div>\n<p>Moti i keq ka go ditur Italin\u00eb dhe situata sa vjen e p\u00ebrkeq\u00ebsohet pasi bashk\u00eb me rritjen e zonave t\u00eb p\u00ebrmbytura po rritet edhe numri i vi ktimave.<\/p>\n<p>Mediat italiane raportojn\u00eb se n\u00eb Emilia-Romagna 21 lumenj kan\u00eb dal\u00eb nga shtret\u00ebrit duke shkaktuar p\u00ebrmbytje dhe uji ka tejkaluar nivelin 3, nivelin maksimal.<\/p>\n<p>Numri i bashkive t\u00eb p\u00ebrmbytura midis Romagna dhe zon\u00ebs s\u00eb Bolonj\u00ebs \u00ebsht\u00eb rritur n\u00eb 35, nd\u00ebrsa bashkit\u00eb ku problem jan\u00eb rr\u00ebshqitjet e dherave jan\u00eb 48.<\/p>\n<p>Nd\u00ebrkoh\u00eb q\u00eb numri i vi ktimave \u00ebsht\u00eb rritur n\u00eb 8, 6 n\u00eb provinc\u00ebn e Forl\u00ec-Cesena , nj\u00eb burr\u00eb n\u00eb zon\u00ebn e Ravenna dhe nj\u00eb n\u00eb zon\u00ebn e Bolonj\u00ebs. Problem mbetet edhe numri i lart\u00eb i t\u00eb zhd ukurve dhe t\u00eb evakuuarve q\u00eb ka shkuar n\u00eb mbi 3 mij\u00eb.<\/p>\n<p>N\u00eb terren p\u00ebr t\u00eb menaxhuar emergjencat dhe personat e zhvendosur, jan\u00eb m\u00eb shum\u00eb se 1100 vullnetar\u00eb, mbi 600 zj arrfik\u00ebs, forcat e policis\u00eb dhe Kryqi i Kuq.<\/p>\n<p>Alarmi i motit t\u00eb kuq vijon edhe p\u00ebr dit\u00ebn e nes\u00ebrme 18 maj. Edhe pse nuk pritet t\u00eb ket\u00eb reshje shiu, reshjet e dendura t\u00eb t\u00eb mart\u00ebs 16 dhe t\u00eb m\u00ebrkur\u00ebs 17 maj, pritet t\u00eb sjellin p\u00ebrmbytje t\u00eb m\u00ebdha n\u00eb sektorin qendror-lindor t\u00eb rajonit. Situata paraqitet m\u00eb kritike n\u00eb pellgjet Romagna dhe deg\u00ebt e Reno , t\u00eb prekura nga p\u00ebrmb ytjet dhe rr\u00ebshqitjet e dherave.<\/p>\n\n<div style=\"font-size: 0px; height: 0px; line-height: 0px; margin: 0; padding: 0; clear: both;\"><\/div>","protected":false},"excerpt":{"rendered":"<p>Moti i keq ka go ditur Italin\u00eb dhe situata sa vjen e p\u00ebrkeq\u00ebsohet pasi bashk\u00eb me rritjen e zonave t\u00eb p\u00ebrmbytura po rritet edhe numri i vi&#8230; <\/p>\n","protected":false},"author":1,"featured_media":122,"comment_status":"open","ping_status":"open","sticky":false,"template":"","format":"standard","meta":{"footnotes":""},"categories":[1],"tags":[],"class_list":["post-121","post","type-post","status-publish","format-standard","has-post-thumbnail","hentry","category-uncategorized"],"_links":{"self":[{"href":"https:\/\/new.findnews5.com\/index.php?rest_route=\/wp\/v2\/posts\/121","targetHints":{"allow":["GET"]}}],"collection":[{"href":"https:\/\/new.findnews5.com\/index.php?rest_route=\/wp\/v2\/posts"}],"about":[{"href":"https:\/\/new.findnews5.com\/index.php?rest_route=\/wp\/v2\/types\/post"}],"author":[{"embeddable":true,"href":"https:\/\/new.findnews5.com\/index.php?rest_route=\/wp\/v2\/users\/1"}],"replies":[{"embeddable":true,"href":"https:\/\/new.findnews5.com\/index.php?rest_route=%2Fwp%2Fv2%2Fcomments&post=121"}],"version-history":[{"count":0,"href":"https:\/\/new.findnews5.com\/index.php?rest_route=\/wp\/v2\/posts\/121\/revisions"}],"wp:featuredmedia":[{"embeddable":true,"href":"https:\/\/new.findnews5.com\/index.php?rest_route=\/wp\/v2\/media\/122"}],"wp:attachment":[{"href":"https:\/\/new.findnews5.com\/index.php?rest_route=%2Fwp%2Fv2%2Fmedia&parent=121"}],"wp:term":[{"taxonomy":"category","embeddable":true,"href":"https:\/\/new.findnews5.com\/index.php?rest_route=%2Fwp%2Fv2%2Fcategories&post=121"},{"taxonomy":"post_tag","embeddable":true,"href":"https:\/\/new.findnews5.com\/index.php?rest_route=%2Fwp%2Fv2%2Ftags&post=121"}],"curies":[{"name":"wp","href":"https:\/\/api.w.org\/{rel}","templated":true}]}}