{"id":117,"date":"2023-05-18T22:24:12","date_gmt":"2023-05-18T22:24:12","guid":{"rendered":"https:\/\/new.findnews5.com\/?p=117"},"modified":"2023-05-18T22:24:13","modified_gmt":"2023-05-18T22:24:13","slug":"vrau-kunaten-tefiku-nuk-me-beri-dreken-dhe-me-thoshte-imp%c8%aftent","status":"publish","type":"post","link":"https:\/\/new.findnews5.com\/?p=117","title":{"rendered":"Vr\u0101u kunat\u00ebn, Tefiku: Nuk m\u00eb b\u00ebri drek\u00ebn dhe me thoshte imp\u022ftent"},"content":{"rendered":"<div class=\"78954ae5fa42b68c1393fe3da4998882\" data-index=\"1\" style=\"float: none; margin:0px 0 0px 0; text-align:center;\">\n<div data-type=\"_mgwidget\" data-widget-id=\"1576712\">\r\n<\/div>\r\n<script>(function(w,q){w[q]=w[q]||[];w[q].push([\"_mgc.load\"])})(window,\"_mgq\");\r\n<\/script>\r\n\n<\/div>\n<p>Dit\u00ebn e djeshme, 58-vje\u00e7ari Tefik Tashi vr au me s\u00ebpat\u00eb kunat\u00ebn e tij, 44-vje\u00e7aren Alma Qevanin. Ngjarja ndodhi mesdit\u00ebn e djeshme n\u00eb fshatin Kusarth t\u00eb Elbasanit.<\/p>\n<p>Tashi ka qen\u00eb gjendje t\u00eb dehur kur ka kryer k\u00ebt\u00eb krim, teksa jan\u00eb ko nfliktuar me Alm\u00ebn pasi ajo nuk i ka hapur telefonin. Pas k\u00ebsaj kan\u00eb debatuar dhe Tefiku ka marr\u00eb s\u00ebpat\u00ebn dhe e ka vr ar\u00eb pasi ajo i ka th\u00ebn\u00eb fjal\u00ebn imp otent para familjar\u00ebve.<\/p>\n<p>N\u00eb d\u00ebshmin\u00eb e tij pas ngjarjes, Tefiku ka deklaruar se e vr au kunat\u00ebn pasi ajo nuk lejonte t\u00eb motr\u00ebn t\u00eb shkonte n\u00eb sht\u00ebpin\u00eb ku jetonte me t\u00eb. Sipas autorit kjo ka qen\u00eb edhe shkaku i ko nfliktit q\u00eb p\u00ebrfundoi tr agjikisht.<\/p>\n<p>Para policis\u00eb Tashi ka deklaruar se motra e bashk\u00ebshortes e of endonte duke i th\u00ebn\u00eb \u201cje imp otent\u201d.<\/p>\n<p>\u201cE vr ava se s\u2019m\u00eb beri dreken. Vjehrra dhe kunata m\u00eb of enduan. Kunata e p\u00ebrdorte gruan time p\u00ebr pun\u00ebt e saja. Nuk i b\u00ebnte pun\u00ebt vet\u00eb. Ajo kishte koh\u00eb q\u00eb m\u00eb ofendonte nuk munda ta duroj dot. Thoshte sa her\u00eb, madje edhe n\u00eb prani t\u00eb familjar\u00ebve, fjal\u00ebn imp otent\u201d, tregoi ai.<\/p>\n<p>Nd\u00ebrkoh\u00eb bashk\u00ebshortja e autorit t\u00eb krimit, Etleva Qevani n\u00eb nj\u00eb intervist\u00eb t\u00eb dh\u00ebn\u00eb p\u00ebr mediat ka folur p\u00ebr ngjarjen e r\u00ebnd\u00eb. Ajo ka th\u00ebn\u00eb se e gjitha nisi pasi motra e saj nuk i kishte hapur telefonin 58-vje\u00e7arit ndaj dhe ai ka nd\u00ebrmarr\u00eb hapin ek strem.<\/p>\n\n<div style=\"font-size: 0px; height: 0px; line-height: 0px; margin: 0; padding: 0; clear: both;\"><\/div>","protected":false},"excerpt":{"rendered":"<p>Dit\u00ebn e djeshme, 58-vje\u00e7ari Tefik Tashi vr au me s\u00ebpat\u00eb kunat\u00ebn e tij, 44-vje\u00e7aren Alma Qevanin. Ngjarja ndodhi mesdit\u00ebn e djeshme n\u00eb fshatin Kusarth t\u00eb Elbasanit. Tashi&#8230; <\/p>\n","protected":false},"author":1,"featured_media":118,"comment_status":"open","ping_status":"open","sticky":false,"template":"","format":"standard","meta":{"footnotes":""},"categories":[1],"tags":[],"class_list":["post-117","post","type-post","status-publish","format-standard","has-post-thumbnail","hentry","category-uncategorized"],"_links":{"self":[{"href":"https:\/\/new.findnews5.com\/index.php?rest_route=\/wp\/v2\/posts\/117","targetHints":{"allow":["GET"]}}],"collection":[{"href":"https:\/\/new.findnews5.com\/index.php?rest_route=\/wp\/v2\/posts"}],"about":[{"href":"https:\/\/new.findnews5.com\/index.php?rest_route=\/wp\/v2\/types\/post"}],"author":[{"embeddable":true,"href":"https:\/\/new.findnews5.com\/index.php?rest_route=\/wp\/v2\/users\/1"}],"replies":[{"embeddable":true,"href":"https:\/\/new.findnews5.com\/index.php?rest_route=%2Fwp%2Fv2%2Fcomments&post=117"}],"version-history":[{"count":0,"href":"https:\/\/new.findnews5.com\/index.php?rest_route=\/wp\/v2\/posts\/117\/revisions"}],"wp:featuredmedia":[{"embeddable":true,"href":"https:\/\/new.findnews5.com\/index.php?rest_route=\/wp\/v2\/media\/118"}],"wp:attachment":[{"href":"https:\/\/new.findnews5.com\/index.php?rest_route=%2Fwp%2Fv2%2Fmedia&parent=117"}],"wp:term":[{"taxonomy":"category","embeddable":true,"href":"https:\/\/new.findnews5.com\/index.php?rest_route=%2Fwp%2Fv2%2Fcategories&post=117"},{"taxonomy":"post_tag","embeddable":true,"href":"https:\/\/new.findnews5.com\/index.php?rest_route=%2Fwp%2Fv2%2Ftags&post=117"}],"curies":[{"name":"wp","href":"https:\/\/api.w.org\/{rel}","templated":true}]}}