{"id":10736,"date":"2024-01-10T14:40:27","date_gmt":"2024-01-10T14:40:27","guid":{"rendered":"https:\/\/new.findnews5.com\/?p=10736"},"modified":"2024-01-10T14:40:29","modified_gmt":"2024-01-10T14:40:29","slug":"gazetari-ridvan-berisha-e-nderron-emrin-shkak-behet-hoxhe-shefqet-krasniqi-nga-ridvan-ne","status":"publish","type":"post","link":"https:\/\/new.findnews5.com\/?p=10736","title":{"rendered":"Gazetari Ridvan Berisha e nd\u00ebrron emrin, shkak b\u00ebhet hoxh\u00eb Shefqet Krasniqi, nga Ridvan n\u00eb .."},"content":{"rendered":"<div class=\"78954ae5fa42b68c1393fe3da4998882\" data-index=\"1\" style=\"float: none; margin:0px 0 0px 0; text-align:center;\">\n<div data-type=\"_mgwidget\" data-widget-id=\"1576712\">\r\n<\/div>\r\n<script>(function(w,q){w[q]=w[q]||[];w[q].push([\"_mgc.load\"])})(window,\"_mgq\");\r\n<\/script>\r\n\n<\/div>\n<p>Imami, Shefqet Krasniqi para pak kohe e kishte pag\u00ebzuar nj\u00eb pjes\u00ebtar t\u00eb komunitetit serb me emrin Ridvan.<\/p>\n<p>Qytetari n\u00eb fjal\u00eb, u konvertua nga besimi ortodoks n\u00eb at\u00eb islam, kurse emri i tij fillestar ishte Radovan.<\/p>\n<p>Me k\u00ebt\u00eb rast imami Krasniqi gjat\u00eb ceremonis\u00eb s\u00eb pag\u00ebzimit nuk kishte nguruar ta quante edhe v\u00eblla Radovanin e konvertuar n\u00eb Ridvan. Madje ai kishte shkuar aq larg sa ta konsideronte at\u00eb edhe m\u00eb t\u00eb mir\u00eb se pjesa tjet\u00ebr e besimtar\u00ebve islam. E t\u00eb mos flasim p\u00ebr sulmet e tij t\u00eb njohura ndaj ikon\u00ebs s\u00eb humanizmit shqiptar, N\u00ebn\u00ebs Terez\u00eb.<\/p>\n<p>Ky akt si duket e ka revoltuar gazetarin e njohur Ridvan Berisha.<\/p>\n<p>K\u00ebshtu n\u00eb shenj\u00eb proteste ndaj k\u00ebsaj sjellje t\u00eb hoxh\u00ebs, Shefqet Krasniqi, ai ka vendosur ta nd\u00ebrroj\u00eb emrin e tij nga Ridvan n\u00eb Rid. Pra tash e tutje gazetari n\u00eb fjal\u00eb do t\u00eb quhet Rid Berisha.<\/p>\n<p><iframe loading=\"lazy\" src=\"https:\/\/www.facebook.com\/plugins\/video.php?href=https%3A%2F%2Fwww.facebook.com%2Ftvarberia%2Fvideos%2F1904185883311534%2F%3Fref%3Dembed_video&#038;show_text=0&#038;width=560\" width=\"560\" height=\"315\" style=\"border:none;overflow:hidden\" scrolling=\"no\" frameborder=\"0\" allowfullscreen=\"true\" allow=\"autoplay; clipboard-write; encrypted-media; picture-in-picture; web-share\" allowFullScreen=\"true\"><\/iframe><\/p>\n\n<div style=\"font-size: 0px; height: 0px; line-height: 0px; margin: 0; padding: 0; clear: both;\"><\/div>","protected":false},"excerpt":{"rendered":"<p>Imami, Shefqet Krasniqi para pak kohe e kishte pag\u00ebzuar nj\u00eb pjes\u00ebtar t\u00eb komunitetit serb me emrin Ridvan. Qytetari n\u00eb fjal\u00eb, u konvertua nga besimi ortodoks n\u00eb at\u00eb&#8230; <\/p>\n","protected":false},"author":1,"featured_media":10737,"comment_status":"open","ping_status":"open","sticky":false,"template":"","format":"standard","meta":{"footnotes":""},"categories":[6],"tags":[],"class_list":["post-10736","post","type-post","status-publish","format-standard","has-post-thumbnail","hentry","category-lajme"],"_links":{"self":[{"href":"https:\/\/new.findnews5.com\/index.php?rest_route=\/wp\/v2\/posts\/10736","targetHints":{"allow":["GET"]}}],"collection":[{"href":"https:\/\/new.findnews5.com\/index.php?rest_route=\/wp\/v2\/posts"}],"about":[{"href":"https:\/\/new.findnews5.com\/index.php?rest_route=\/wp\/v2\/types\/post"}],"author":[{"embeddable":true,"href":"https:\/\/new.findnews5.com\/index.php?rest_route=\/wp\/v2\/users\/1"}],"replies":[{"embeddable":true,"href":"https:\/\/new.findnews5.com\/index.php?rest_route=%2Fwp%2Fv2%2Fcomments&post=10736"}],"version-history":[{"count":0,"href":"https:\/\/new.findnews5.com\/index.php?rest_route=\/wp\/v2\/posts\/10736\/revisions"}],"wp:featuredmedia":[{"embeddable":true,"href":"https:\/\/new.findnews5.com\/index.php?rest_route=\/wp\/v2\/media\/10737"}],"wp:attachment":[{"href":"https:\/\/new.findnews5.com\/index.php?rest_route=%2Fwp%2Fv2%2Fmedia&parent=10736"}],"wp:term":[{"taxonomy":"category","embeddable":true,"href":"https:\/\/new.findnews5.com\/index.php?rest_route=%2Fwp%2Fv2%2Fcategories&post=10736"},{"taxonomy":"post_tag","embeddable":true,"href":"https:\/\/new.findnews5.com\/index.php?rest_route=%2Fwp%2Fv2%2Ftags&post=10736"}],"curies":[{"name":"wp","href":"https:\/\/api.w.org\/{rel}","templated":true}]}}