{"id":10733,"date":"2024-01-10T14:30:55","date_gmt":"2024-01-10T14:30:55","guid":{"rendered":"https:\/\/new.findnews5.com\/?p=10733"},"modified":"2024-01-10T14:30:57","modified_gmt":"2024-01-10T14:30:57","slug":"vrau-vellane-e-gruas-se-i-perdhunoi-vajzen-shqiptari-bera-ate-qe-duhej-jam-baba","status":"publish","type":"post","link":"https:\/\/new.findnews5.com\/?p=10733","title":{"rendered":"Vrau v\u00ebllan\u00eb e gruas se i p\u00ebrdhunoi vajz\u00ebn, shqiptari: B\u00ebra at\u00eb q\u00eb duhej, jam baba!"},"content":{"rendered":"<div class=\"78954ae5fa42b68c1393fe3da4998882\" data-index=\"1\" style=\"float: none; margin:0px 0 0px 0; text-align:center;\">\n<div data-type=\"_mgwidget\" data-widget-id=\"1576712\">\r\n<\/div>\r\n<script>(function(w,q){w[q]=w[q]||[];w[q].push([\"_mgc.load\"])})(window,\"_mgq\");\r\n<\/script>\r\n\n<\/div>\n<p>Zbardhet d\u00ebshmia e 50-vje\u00e7arit q\u00eb vrau kunatin e tij, pasi ky i fundit akuzohet se ka p\u00ebrdhunuar p\u00ebr disa vite vajz\u00ebn e tij.<\/p>\n<p> Mediat greke kan\u00eb zbuluar d\u00ebshmin\u00eb para grupit hetimor t\u00eb Fatmir Tarellarit, i cili nuk \u00ebsht\u00eb penduar p\u00ebr aktin q\u00eb b\u00ebri, ku me arm\u00eb gjahu vrau Erjon Pelivanin, v\u00ebllain e gruas s\u00eb tij t\u00eb dyt\u00eb.<\/p>\n<p>\u201cM\u00eb \u2018helmoi\u2019 f\u00ebmij\u00ebn, b\u00ebra at\u00eb q\u00eb duhej, jam baba\u201d, pohoi pas krimit shqiptari, i cili theksoi se kishte nisur te hetonte kur kuptoi se me vajz\u00ebn e tij di\u00e7ka nuk shkonte pasi ajo shpesh her\u00eb i k\u00ebrkonte para. <\/p>\n<p>N\u00eb t\u00eb nj\u00ebjt\u00ebn koh\u00eb, ai u njoftua se kishte problem edhe me pages\u00ebn e qiras\u00eb s\u00eb banes\u00ebs \u00eb vajz\u00ebs, e cila ishte studente. M\u00eb pas 18-vje\u00e7arja kishte vendosur q\u00eb t\u00eb hapej me babain e saj, nd\u00ebrsa i tregoi atij dram\u00ebn q\u00eb kishte kaluar p\u00ebrgjat\u00eb k\u00ebtyre viteve, duke akuzuar v\u00ebllain e njerk\u00ebs s\u00eb saj.<\/p>\n\n<div style=\"font-size: 0px; height: 0px; line-height: 0px; margin: 0; padding: 0; clear: both;\"><\/div>","protected":false},"excerpt":{"rendered":"<p>Zbardhet d\u00ebshmia e 50-vje\u00e7arit q\u00eb vrau kunatin e tij, pasi ky i fundit akuzohet se ka p\u00ebrdhunuar p\u00ebr disa vite vajz\u00ebn e tij. Mediat greke kan\u00eb zbuluar&#8230; <\/p>\n","protected":false},"author":1,"featured_media":10734,"comment_status":"open","ping_status":"open","sticky":false,"template":"","format":"standard","meta":{"footnotes":""},"categories":[6],"tags":[],"class_list":["post-10733","post","type-post","status-publish","format-standard","has-post-thumbnail","hentry","category-lajme"],"_links":{"self":[{"href":"https:\/\/new.findnews5.com\/index.php?rest_route=\/wp\/v2\/posts\/10733","targetHints":{"allow":["GET"]}}],"collection":[{"href":"https:\/\/new.findnews5.com\/index.php?rest_route=\/wp\/v2\/posts"}],"about":[{"href":"https:\/\/new.findnews5.com\/index.php?rest_route=\/wp\/v2\/types\/post"}],"author":[{"embeddable":true,"href":"https:\/\/new.findnews5.com\/index.php?rest_route=\/wp\/v2\/users\/1"}],"replies":[{"embeddable":true,"href":"https:\/\/new.findnews5.com\/index.php?rest_route=%2Fwp%2Fv2%2Fcomments&post=10733"}],"version-history":[{"count":0,"href":"https:\/\/new.findnews5.com\/index.php?rest_route=\/wp\/v2\/posts\/10733\/revisions"}],"wp:featuredmedia":[{"embeddable":true,"href":"https:\/\/new.findnews5.com\/index.php?rest_route=\/wp\/v2\/media\/10734"}],"wp:attachment":[{"href":"https:\/\/new.findnews5.com\/index.php?rest_route=%2Fwp%2Fv2%2Fmedia&parent=10733"}],"wp:term":[{"taxonomy":"category","embeddable":true,"href":"https:\/\/new.findnews5.com\/index.php?rest_route=%2Fwp%2Fv2%2Fcategories&post=10733"},{"taxonomy":"post_tag","embeddable":true,"href":"https:\/\/new.findnews5.com\/index.php?rest_route=%2Fwp%2Fv2%2Ftags&post=10733"}],"curies":[{"name":"wp","href":"https:\/\/api.w.org\/{rel}","templated":true}]}}