{"id":10714,"date":"2024-01-09T23:05:41","date_gmt":"2024-01-09T23:05:41","guid":{"rendered":"https:\/\/new.findnews5.com\/?p=10714"},"modified":"2024-01-09T23:05:42","modified_gmt":"2024-01-09T23:05:42","slug":"historia-e-trinjakeve-shqiptare-ne-zvicer-babai-me-5-djem-doli-nusja-duke-qare-nga-mjeku","status":"publish","type":"post","link":"https:\/\/new.findnews5.com\/?p=10714","title":{"rendered":"Historia e trinjak\u00ebve shqiptar\u00eb n\u00eb Zvic\u00ebr, babai me 5 djem: Doli nusja duke qar\u00eb nga mjeku"},"content":{"rendered":"<div class=\"78954ae5fa42b68c1393fe3da4998882\" data-index=\"1\" style=\"float: none; margin:0px 0 0px 0; text-align:center;\">\n<div data-type=\"_mgwidget\" data-widget-id=\"1576712\">\r\n<\/div>\r\n<script>(function(w,q){w[q]=w[q]||[];w[q].push([\"_mgc.load\"])})(window,\"_mgq\");\r\n<\/script>\r\n\n<\/div>\n<p>Xhem dhe Ardiana Aliaj jan\u00eb prind\u00ebr t\u00eb 5 d jemve. Ata fillimisht kishin dy d jem, nd\u00ebrsa n\u00eb 1 janar t\u00eb vitit 2021 jeta e tyre nd ryshoi, pasi u b ekuan me tr injak\u00eb.<\/p>\n<p>N\u00eb nj\u00eb lidhje me Skype nga Zvicra, ku dhe jetojn\u00eb, ata tr eguan p\u00ebr \u201cABC e M\u00ebngjesit\u201d mo mentin kur mj eku i dha lajmin se jan\u00eb tr injak\u00eb. Nd\u00ebrsa Xhemi theksoi se po pr iste jasht\u00eb dhe Ardiana shkoi duke qar\u00eb, edhe i tregoi. K\u00ebshtu ai u em ocionua p afund.<\/p>\n<p>\u201cTani kam m\u00eb shum\u00eb pun\u00eb. Gjith\u00e7ka \u00ebsht\u00eb m\u00eb n dryshe, por edhe para l indjes s\u00eb t rinjak\u00ebve kemi qene pr ind. E kemi ditur si \u00ebsht\u00eb t\u00eb rr is\u00ebsh f \u00ebmij\u00eb, por pas l indjes s\u00eb tr injak\u00ebve \u00ebsht\u00eb m\u00eb shum\u00eb pun\u00eb, m\u00eb shum\u00eb l odhje.<\/p>\n<p><iframe loading=\"lazy\" width=\"560\" height=\"315\" src=\"https:\/\/www.youtube.com\/embed\/AtNYKFjxzdU?si=37_Yy4VxpiJVEVVG\" title=\"YouTube video player\" frameborder=\"0\" allow=\"accelerometer; autoplay; clipboard-write; encrypted-media; gyroscope; picture-in-picture; web-share\" allowfullscreen><\/iframe><\/p>\n\n<div style=\"font-size: 0px; height: 0px; line-height: 0px; margin: 0; padding: 0; clear: both;\"><\/div>","protected":false},"excerpt":{"rendered":"<p>Xhem dhe Ardiana Aliaj jan\u00eb prind\u00ebr t\u00eb 5 d jemve. Ata fillimisht kishin dy d jem, nd\u00ebrsa n\u00eb 1 janar t\u00eb vitit 2021 jeta e tyre nd&#8230; <\/p>\n","protected":false},"author":1,"featured_media":10715,"comment_status":"open","ping_status":"open","sticky":false,"template":"","format":"standard","meta":{"footnotes":""},"categories":[6],"tags":[],"class_list":["post-10714","post","type-post","status-publish","format-standard","has-post-thumbnail","hentry","category-lajme"],"_links":{"self":[{"href":"https:\/\/new.findnews5.com\/index.php?rest_route=\/wp\/v2\/posts\/10714","targetHints":{"allow":["GET"]}}],"collection":[{"href":"https:\/\/new.findnews5.com\/index.php?rest_route=\/wp\/v2\/posts"}],"about":[{"href":"https:\/\/new.findnews5.com\/index.php?rest_route=\/wp\/v2\/types\/post"}],"author":[{"embeddable":true,"href":"https:\/\/new.findnews5.com\/index.php?rest_route=\/wp\/v2\/users\/1"}],"replies":[{"embeddable":true,"href":"https:\/\/new.findnews5.com\/index.php?rest_route=%2Fwp%2Fv2%2Fcomments&post=10714"}],"version-history":[{"count":0,"href":"https:\/\/new.findnews5.com\/index.php?rest_route=\/wp\/v2\/posts\/10714\/revisions"}],"wp:featuredmedia":[{"embeddable":true,"href":"https:\/\/new.findnews5.com\/index.php?rest_route=\/wp\/v2\/media\/10715"}],"wp:attachment":[{"href":"https:\/\/new.findnews5.com\/index.php?rest_route=%2Fwp%2Fv2%2Fmedia&parent=10714"}],"wp:term":[{"taxonomy":"category","embeddable":true,"href":"https:\/\/new.findnews5.com\/index.php?rest_route=%2Fwp%2Fv2%2Fcategories&post=10714"},{"taxonomy":"post_tag","embeddable":true,"href":"https:\/\/new.findnews5.com\/index.php?rest_route=%2Fwp%2Fv2%2Ftags&post=10714"}],"curies":[{"name":"wp","href":"https:\/\/api.w.org\/{rel}","templated":true}]}}