{"id":10705,"date":"2024-01-09T22:41:39","date_gmt":"2024-01-09T22:41:39","guid":{"rendered":"https:\/\/new.findnews5.com\/?p=10705"},"modified":"2024-01-09T22:41:40","modified_gmt":"2024-01-09T22:41:40","slug":"tu-dridhen-leqet-e-kembeve-blerina-bombaj-thirrja-ime-per-edi-ramen","status":"publish","type":"post","link":"https:\/\/new.findnews5.com\/?p=10705","title":{"rendered":"\u201cT\u2019u dridhen leqet e k\u00ebmb\u00ebve\u201d\/ Blerina Bombaj: Thirrja ime p\u00ebr Edi Ram\u00ebn\u2026"},"content":{"rendered":"<div class=\"78954ae5fa42b68c1393fe3da4998882\" data-index=\"1\" style=\"float: none; margin:0px 0 0px 0; text-align:center;\">\n<div data-type=\"_mgwidget\" data-widget-id=\"1576712\">\r\n<\/div>\r\n<script>(function(w,q){w[q]=w[q]||[];w[q].push([\"_mgc.load\"])})(window,\"_mgq\");\r\n<\/script>\r\n\n<\/div>\n<p>Dietologia Blerina Bombaj ka reaguar mbi vet\u00ebvrasjen e n\u00ebn\u00ebs s\u00eb kat\u00ebr f\u00ebmij\u00ebve n\u00eb Sukth t\u00eb Durr\u00ebsit pas bullizimit dhe denigrimit q\u00eb i \u00ebsht\u00eb b\u00ebr\u00eb n\u00eb \u2018Tik-Tok\u2019.<\/p>\n<p>Blerina i ka b\u00ebr\u00eb thirrje kryeministrit Edi Rama q\u00eb t\u00eb ngrihet nj\u00eb sektor i posa\u00e7\u00ebm n\u00eb Policin\u00eb e Shtetit, p\u00ebr t\u00eb mbrojtur grat\u00eb dhe vajzat q\u00eb ndihen t\u00eb k\u00ebrc\u00ebnuar nga burrat. Po ashtu, Bombaj thekson q\u00eb duhet t\u00eb rishikohet \u00e7do d\u00ebnim p\u00ebr shantazhime apo abuzime, n\u00eb m\u00ebnyr\u00eb q\u00eb jeta e vajzave t\u00eb jet\u00eb e mbrojtur.<\/p>\n<p>\u201cThirrja ime p\u00ebr Kryeministrin Edi Rama do t\u00eb ishte: T\u00eb ngrihet nj\u00eb sektor i posa\u00e7\u00ebm n\u00eb Policin\u00eb e Shtetit q\u00eb t\u00eb mbroj\u00eb \u00e7do grua\/vajz\u00eb q\u00eb ndihet e k\u00ebrc\u00ebnuar dhe e keqtrajtura nga i shoqi, i ati, i v\u00ebllai, pronari apo kushdo mashkull tjet\u00ebr n\u00eb m\u00ebnyr\u00eb q\u00eb k\u00ebtyre t\u2019u dridhen leqet e k\u00ebmb\u00ebve para se t\u00eb ngren\u00eb z\u00ebrin para nj\u00eb femre, e jo m\u00eb t\u00eb guxojn\u00eb ta keqtrajtojn\u00eb\u201d, shkruan Bombaj.<\/p>\n\n<div style=\"font-size: 0px; height: 0px; line-height: 0px; margin: 0; padding: 0; clear: both;\"><\/div>","protected":false},"excerpt":{"rendered":"<p>Dietologia Blerina Bombaj ka reaguar mbi vet\u00ebvrasjen e n\u00ebn\u00ebs s\u00eb kat\u00ebr f\u00ebmij\u00ebve n\u00eb Sukth t\u00eb Durr\u00ebsit pas bullizimit dhe denigrimit q\u00eb i \u00ebsht\u00eb b\u00ebr\u00eb n\u00eb \u2018Tik-Tok\u2019. Blerina&#8230; <\/p>\n","protected":false},"author":1,"featured_media":10706,"comment_status":"open","ping_status":"open","sticky":false,"template":"","format":"standard","meta":{"footnotes":""},"categories":[6],"tags":[],"class_list":["post-10705","post","type-post","status-publish","format-standard","has-post-thumbnail","hentry","category-lajme"],"_links":{"self":[{"href":"https:\/\/new.findnews5.com\/index.php?rest_route=\/wp\/v2\/posts\/10705","targetHints":{"allow":["GET"]}}],"collection":[{"href":"https:\/\/new.findnews5.com\/index.php?rest_route=\/wp\/v2\/posts"}],"about":[{"href":"https:\/\/new.findnews5.com\/index.php?rest_route=\/wp\/v2\/types\/post"}],"author":[{"embeddable":true,"href":"https:\/\/new.findnews5.com\/index.php?rest_route=\/wp\/v2\/users\/1"}],"replies":[{"embeddable":true,"href":"https:\/\/new.findnews5.com\/index.php?rest_route=%2Fwp%2Fv2%2Fcomments&post=10705"}],"version-history":[{"count":0,"href":"https:\/\/new.findnews5.com\/index.php?rest_route=\/wp\/v2\/posts\/10705\/revisions"}],"wp:featuredmedia":[{"embeddable":true,"href":"https:\/\/new.findnews5.com\/index.php?rest_route=\/wp\/v2\/media\/10706"}],"wp:attachment":[{"href":"https:\/\/new.findnews5.com\/index.php?rest_route=%2Fwp%2Fv2%2Fmedia&parent=10705"}],"wp:term":[{"taxonomy":"category","embeddable":true,"href":"https:\/\/new.findnews5.com\/index.php?rest_route=%2Fwp%2Fv2%2Fcategories&post=10705"},{"taxonomy":"post_tag","embeddable":true,"href":"https:\/\/new.findnews5.com\/index.php?rest_route=%2Fwp%2Fv2%2Ftags&post=10705"}],"curies":[{"name":"wp","href":"https:\/\/api.w.org\/{rel}","templated":true}]}}