{"id":10696,"date":"2024-01-09T22:33:41","date_gmt":"2024-01-09T22:33:41","guid":{"rendered":"https:\/\/new.findnews5.com\/?p=10696"},"modified":"2024-01-09T22:33:42","modified_gmt":"2024-01-09T22:33:42","slug":"zeka-jam-duke-i-pergatite-vajzat-me-ike-prej-kosoves-ketij-vendi-i-mungojne-tri-gjerat-me-elementare","status":"publish","type":"post","link":"https:\/\/new.findnews5.com\/?p=10696","title":{"rendered":"Zeka: Jam duke i p\u00ebrgatit\u00eb vajzat me ik\u00eb prej Kosov\u00ebs, k\u00ebtij vendi i mungojn\u00eb tri gj\u00ebrat m\u00eb elementare"},"content":{"rendered":"<div class=\"78954ae5fa42b68c1393fe3da4998882\" data-index=\"1\" style=\"float: none; margin:0px 0 0px 0; text-align:center;\">\n<div data-type=\"_mgwidget\" data-widget-id=\"1576712\">\r\n<\/div>\r\n<script>(function(w,q){w[q]=w[q]||[];w[q].push([\"_mgc.load\"])})(window,\"_mgq\");\r\n<\/script>\r\n\n<\/div>\n<p>Gazetari Milaim Zeka, n\u00eb emisionin CONTEXT n\u00eb ATV, tha se ikjen nga Kosova e sheh si normale.<\/p>\n<p>Ai thot\u00eb se nuk ka t\u00eb drejt\u00eb morale t\u2019iu k\u00ebrkoj\u00eb njer\u00ebzve q\u00eb mos ta l\u00ebshojn\u00eb vendin p\u00ebr nj\u00eb jet\u00eb m\u00eb t\u00eb mir\u00eb, derisa vazhdon ai, edhe dy vajzat e veta \u00ebsht\u00eb duke i p\u00ebrgatitur p\u00ebr me ik\u00eb jasht\u00eb vendit.<\/p>\n<p>\u201c\u00c7far\u00eb t\u00eb drejte morale ose njer\u00ebzore kam me iu th\u00ebn\u00eb kush\u00ebrinjve t\u00eb mi, njer\u00ebzve t\u00eb mi, familjar\u00ebve t\u00eb mi, mos ik\u00eb p\u00ebr nj\u00eb jet\u00eb m\u00eb t\u00eb mir\u00eb, p\u00ebr nj\u00eb pun\u00eb m\u00eb t\u00eb mir\u00eb, p\u00ebr nj\u00eb siguroi m\u00eb t\u00eb mir\u00eb. Un\u00eb dy vajzat i kam n\u00eb Suedi, nj\u00ebra \u00ebsht\u00eb mjeke, nj\u00ebra inxhiniere edhe nuk kam arrit\u00eb q\u00eb 23 vjet me iu kriju kushte p\u00ebr me ardh\u00eb ato me punu n\u00eb Kosov\u00eb. E kur dy vajzat e tjera q\u00eb i kam k\u00ebtu, prej fillimit e kam prognozua edhe i kam p\u00ebrgatit\u00eb p\u00ebr me ik\u00eb p\u00ebrjashta. Un\u00eb si bab\u00eb jam tu i p\u00ebrgatit\u00eb vajzat e mia me ik\u00eb prej k\u00ebtij vendi\u201d, tha Zeka.<\/p>\n\n<div style=\"font-size: 0px; height: 0px; line-height: 0px; margin: 0; padding: 0; clear: both;\"><\/div>","protected":false},"excerpt":{"rendered":"<p>Gazetari Milaim Zeka, n\u00eb emisionin CONTEXT n\u00eb ATV, tha se ikjen nga Kosova e sheh si normale. Ai thot\u00eb se nuk ka t\u00eb drejt\u00eb morale t\u2019iu k\u00ebrkoj\u00eb&#8230; <\/p>\n","protected":false},"author":1,"featured_media":10697,"comment_status":"open","ping_status":"open","sticky":false,"template":"","format":"standard","meta":{"footnotes":""},"categories":[6],"tags":[],"class_list":["post-10696","post","type-post","status-publish","format-standard","has-post-thumbnail","hentry","category-lajme"],"_links":{"self":[{"href":"https:\/\/new.findnews5.com\/index.php?rest_route=\/wp\/v2\/posts\/10696","targetHints":{"allow":["GET"]}}],"collection":[{"href":"https:\/\/new.findnews5.com\/index.php?rest_route=\/wp\/v2\/posts"}],"about":[{"href":"https:\/\/new.findnews5.com\/index.php?rest_route=\/wp\/v2\/types\/post"}],"author":[{"embeddable":true,"href":"https:\/\/new.findnews5.com\/index.php?rest_route=\/wp\/v2\/users\/1"}],"replies":[{"embeddable":true,"href":"https:\/\/new.findnews5.com\/index.php?rest_route=%2Fwp%2Fv2%2Fcomments&post=10696"}],"version-history":[{"count":0,"href":"https:\/\/new.findnews5.com\/index.php?rest_route=\/wp\/v2\/posts\/10696\/revisions"}],"wp:featuredmedia":[{"embeddable":true,"href":"https:\/\/new.findnews5.com\/index.php?rest_route=\/wp\/v2\/media\/10697"}],"wp:attachment":[{"href":"https:\/\/new.findnews5.com\/index.php?rest_route=%2Fwp%2Fv2%2Fmedia&parent=10696"}],"wp:term":[{"taxonomy":"category","embeddable":true,"href":"https:\/\/new.findnews5.com\/index.php?rest_route=%2Fwp%2Fv2%2Fcategories&post=10696"},{"taxonomy":"post_tag","embeddable":true,"href":"https:\/\/new.findnews5.com\/index.php?rest_route=%2Fwp%2Fv2%2Ftags&post=10696"}],"curies":[{"name":"wp","href":"https:\/\/api.w.org\/{rel}","templated":true}]}}