{"id":10670,"date":"2024-01-09T15:06:42","date_gmt":"2024-01-09T15:06:42","guid":{"rendered":"https:\/\/new.findnews5.com\/?p=10670"},"modified":"2024-01-09T15:06:43","modified_gmt":"2024-01-09T15:06:43","slug":"burri-raporton-se-i-ka-humbur-gruaja-ajo-ia-le-nje-mesazh-be-cfare-te-duash-mos-me-pritni","status":"publish","type":"post","link":"https:\/\/new.findnews5.com\/?p=10670","title":{"rendered":"Burri raporton se i ka humbur gruaja, ajo ia l\u00eb nj\u00eb mesazh: B\u00eb \u00e7far\u00eb t\u00eb duash, mos m\u00eb pritni"},"content":{"rendered":"<div class=\"78954ae5fa42b68c1393fe3da4998882\" data-index=\"1\" style=\"float: none; margin:0px 0 0px 0; text-align:center;\">\n<div data-type=\"_mgwidget\" data-widget-id=\"1576712\">\r\n<\/div>\r\n<script>(function(w,q){w[q]=w[q]||[];w[q].push([\"_mgc.load\"])})(window,\"_mgq\");\r\n<\/script>\r\n\n<\/div>\n<p>Nuk jan\u00eb t\u00eb rralla rastet kur qytetar\u00ebt k\u00ebrkojn\u00eb ndihm\u00ebn e Policis\u00eb p\u00ebr t\u2019i gjetur familjar\u00ebt e tyre q\u00eb raportohen t\u00eb zhdukur. T\u00eb shqet\u00ebsuar p\u00ebr fatin e tyre, ata raportojn\u00eb rastet n\u00eb Polici, me shpres\u00ebn se do t\u00eb marrin informacione p\u00ebr vendndodhjen e tyre, raporton Gazeta Sinjali.<\/p>\n<p>Q\u00eb pes\u00eb dit\u00eb, e zhdukur po rezulton edhe nj\u00eb grua 30-vje\u00e7are nga Ferizaj, rast ky q\u00eb u raportua nga bashk\u00ebshorti i saj, i cili ka k\u00ebrkuar ndihm\u00ebn e Policis\u00eb. Sinjali m\u00ebson se bazuar n\u00eb d\u00ebshmin\u00eb e burrit, ajo ka dal\u00eb nga sht\u00ebpia q\u00eb nga 4 janari dhe nuk ka asnj\u00eb informacion p\u00ebr vendndodhjen e saj.<\/p>\n<p>Sipas informacioneve t\u00eb para, pasi u zhduk, gruaja ia ka l\u00ebn\u00eb nj\u00eb mesazh burrit, duke i th\u00ebn\u00eb \u201cB\u00eb \u00e7far\u00eb t\u00eb duash, mos m\u00eb pritni\u201d, thon\u00eb t\u00eb nj\u00ebjtat burime.<\/p>\n<p>Si rezultat i denoncimit, nj\u00ebsitet policore tashm\u00eb jan\u00eb aktivizuar p\u00ebr gjetjen e 30-vje\u00e7ares, por e nj\u00ebjta akoma nuk \u00ebsht\u00eb hasur.<\/p>\n\n<div style=\"font-size: 0px; height: 0px; line-height: 0px; margin: 0; padding: 0; clear: both;\"><\/div>","protected":false},"excerpt":{"rendered":"<p>Nuk jan\u00eb t\u00eb rralla rastet kur qytetar\u00ebt k\u00ebrkojn\u00eb ndihm\u00ebn e Policis\u00eb p\u00ebr t\u2019i gjetur familjar\u00ebt e tyre q\u00eb raportohen t\u00eb zhdukur. T\u00eb shqet\u00ebsuar p\u00ebr fatin e tyre,&#8230; <\/p>\n","protected":false},"author":1,"featured_media":10671,"comment_status":"open","ping_status":"open","sticky":false,"template":"","format":"standard","meta":{"footnotes":""},"categories":[6],"tags":[],"class_list":["post-10670","post","type-post","status-publish","format-standard","has-post-thumbnail","hentry","category-lajme"],"_links":{"self":[{"href":"https:\/\/new.findnews5.com\/index.php?rest_route=\/wp\/v2\/posts\/10670","targetHints":{"allow":["GET"]}}],"collection":[{"href":"https:\/\/new.findnews5.com\/index.php?rest_route=\/wp\/v2\/posts"}],"about":[{"href":"https:\/\/new.findnews5.com\/index.php?rest_route=\/wp\/v2\/types\/post"}],"author":[{"embeddable":true,"href":"https:\/\/new.findnews5.com\/index.php?rest_route=\/wp\/v2\/users\/1"}],"replies":[{"embeddable":true,"href":"https:\/\/new.findnews5.com\/index.php?rest_route=%2Fwp%2Fv2%2Fcomments&post=10670"}],"version-history":[{"count":0,"href":"https:\/\/new.findnews5.com\/index.php?rest_route=\/wp\/v2\/posts\/10670\/revisions"}],"wp:featuredmedia":[{"embeddable":true,"href":"https:\/\/new.findnews5.com\/index.php?rest_route=\/wp\/v2\/media\/10671"}],"wp:attachment":[{"href":"https:\/\/new.findnews5.com\/index.php?rest_route=%2Fwp%2Fv2%2Fmedia&parent=10670"}],"wp:term":[{"taxonomy":"category","embeddable":true,"href":"https:\/\/new.findnews5.com\/index.php?rest_route=%2Fwp%2Fv2%2Fcategories&post=10670"},{"taxonomy":"post_tag","embeddable":true,"href":"https:\/\/new.findnews5.com\/index.php?rest_route=%2Fwp%2Fv2%2Ftags&post=10670"}],"curies":[{"name":"wp","href":"https:\/\/api.w.org\/{rel}","templated":true}]}}