{"id":10663,"date":"2024-01-08T23:58:15","date_gmt":"2024-01-08T23:58:15","guid":{"rendered":"https:\/\/new.findnews5.com\/?p=10663"},"modified":"2024-01-08T23:58:17","modified_gmt":"2024-01-08T23:58:17","slug":"na-mungon-vellai-i-vogel-u-merr-ere-rrobave-rrefimi-rreqethes-i-vajzes-se-bedrie-lokes","status":"publish","type":"post","link":"https:\/\/new.findnews5.com\/?p=10663","title":{"rendered":"&#8220;Na mungon, v\u00ebllai i vog\u00ebl u merr er\u00eb rrobave&#8221;, rr\u00ebfimi rr\u00ebqeth\u00ebs i vajz\u00ebs s\u00eb Bedrie Lok\u00ebs"},"content":{"rendered":"<div class=\"78954ae5fa42b68c1393fe3da4998882\" data-index=\"1\" style=\"float: none; margin:0px 0 0px 0; text-align:center;\">\n<div data-type=\"_mgwidget\" data-widget-id=\"1576712\">\r\n<\/div>\r\n<script>(function(w,q){w[q]=w[q]||[];w[q].push([\"_mgc.load\"])})(window,\"_mgq\");\r\n<\/script>\r\n\n<\/div>\n<p>Vajza e 41-vje\u00e7ares Bedrie Loka, e cila vrau veten n\u00eb Durr\u00ebs, ka treguar detaje lidhur me ngjarjen e r\u00ebnd\u00eb.<\/p>\n<p>N\u00eb nj\u00eb prononcim p\u00ebr emisionin \u201cRevie\u00eb\u201d, ajo tha se i ati ka dor\u00ebzuar n\u00eb polici telefonin e v\u00ebllait t\u00eb saj t\u00eb vog\u00ebl, pasi nuk donte q\u00eb t\u2019ia merrnin.<\/p>\n<p>Mir\u00ebpo, aty jan\u00eb gjetur 3 video, ku Ervis Loka ushtronte dhun\u00eb ndaj bashk\u00ebsortes s\u00eb tij. M\u00eb tej, ajo tregoi p\u00ebr lidhjen e fort\u00eb q\u00eb kishte me t\u00eb \u00ebm\u00ebn dhe se i ati kishte qen\u00eb n\u00eb burg koh\u00eb m\u00eb par\u00eb.<\/p>\n<p>\u201cKa marr\u00eb t\u00eb v\u00ebllait, ka l\u00ebn\u00eb t\u00eb vetin k\u00ebtu. Xhaxhi po fshinte gj\u00ebrat, kur erdhi policia telefonin po e mbante halla fshehur, ta merrte me vete n\u00eb Tiran\u00eb. Edhe telefonin e mamit e ka marr\u00eb. Mua m\u00eb kan\u00eb th\u00ebn\u00eb vet\u00eb infermieret, mami babin nuk e do k\u00ebtu dhe ajo ka shenja. V\u00ebllai \u00ebsht\u00eb m\u00eb i vog\u00ebl, i mungon mami, u merr er\u00eb rrobave. Mamit tim Tik Tok-un ja ka b\u00ebr\u00eb goca e tezes s\u00eb vet\u00eb. Ajo jeton n\u00eb Itali, ka ikur n\u00eb Itali. Un\u00eb m\u00eb shum\u00eb jam rritur m\u00eb shum\u00eb me mamin. Babi ka qen\u00eb n\u00eb burg\u201d,-tha vajza.<\/p>\n\n<div style=\"font-size: 0px; height: 0px; line-height: 0px; margin: 0; padding: 0; clear: both;\"><\/div>","protected":false},"excerpt":{"rendered":"<p>Vajza e 41-vje\u00e7ares Bedrie Loka, e cila vrau veten n\u00eb Durr\u00ebs, ka treguar detaje lidhur me ngjarjen e r\u00ebnd\u00eb. N\u00eb nj\u00eb prononcim p\u00ebr emisionin \u201cRevie\u00eb\u201d, ajo tha&#8230; <\/p>\n","protected":false},"author":1,"featured_media":10664,"comment_status":"open","ping_status":"open","sticky":false,"template":"","format":"standard","meta":{"footnotes":""},"categories":[6],"tags":[],"class_list":["post-10663","post","type-post","status-publish","format-standard","has-post-thumbnail","hentry","category-lajme"],"_links":{"self":[{"href":"https:\/\/new.findnews5.com\/index.php?rest_route=\/wp\/v2\/posts\/10663","targetHints":{"allow":["GET"]}}],"collection":[{"href":"https:\/\/new.findnews5.com\/index.php?rest_route=\/wp\/v2\/posts"}],"about":[{"href":"https:\/\/new.findnews5.com\/index.php?rest_route=\/wp\/v2\/types\/post"}],"author":[{"embeddable":true,"href":"https:\/\/new.findnews5.com\/index.php?rest_route=\/wp\/v2\/users\/1"}],"replies":[{"embeddable":true,"href":"https:\/\/new.findnews5.com\/index.php?rest_route=%2Fwp%2Fv2%2Fcomments&post=10663"}],"version-history":[{"count":0,"href":"https:\/\/new.findnews5.com\/index.php?rest_route=\/wp\/v2\/posts\/10663\/revisions"}],"wp:featuredmedia":[{"embeddable":true,"href":"https:\/\/new.findnews5.com\/index.php?rest_route=\/wp\/v2\/media\/10664"}],"wp:attachment":[{"href":"https:\/\/new.findnews5.com\/index.php?rest_route=%2Fwp%2Fv2%2Fmedia&parent=10663"}],"wp:term":[{"taxonomy":"category","embeddable":true,"href":"https:\/\/new.findnews5.com\/index.php?rest_route=%2Fwp%2Fv2%2Fcategories&post=10663"},{"taxonomy":"post_tag","embeddable":true,"href":"https:\/\/new.findnews5.com\/index.php?rest_route=%2Fwp%2Fv2%2Ftags&post=10663"}],"curies":[{"name":"wp","href":"https:\/\/api.w.org\/{rel}","templated":true}]}}