{"id":10657,"date":"2024-01-08T23:53:26","date_gmt":"2024-01-08T23:53:26","guid":{"rendered":"https:\/\/new.findnews5.com\/?p=10657"},"modified":"2024-01-08T23:53:27","modified_gmt":"2024-01-08T23:53:27","slug":"milaim-zeka-ka-deputete-dhe-politikane-shqiptar-qe-rrahin-grate-dhe-te-dashurat","status":"publish","type":"post","link":"https:\/\/new.findnews5.com\/?p=10657","title":{"rendered":"Milaim Zeka: Ka deputet\u00eb dhe politikan\u00eb shqiptar q\u00eb rrahin grat\u00eb dhe t\u00eb dashurat"},"content":{"rendered":"<div class=\"78954ae5fa42b68c1393fe3da4998882\" data-index=\"1\" style=\"float: none; margin:0px 0 0px 0; text-align:center;\">\n<div data-type=\"_mgwidget\" data-widget-id=\"1576712\">\r\n<\/div>\r\n<script>(function(w,q){w[q]=w[q]||[];w[q].push([\"_mgc.load\"])})(window,\"_mgq\");\r\n<\/script>\r\n\n<\/div>\n<p>Gazetari Milaim Zeka ishte k\u00ebt\u00eb t\u00eb h\u00ebn\u00eb i ftuar n\u00eb \u201cNow me Erla M\u00ebhillin\u201d p\u00ebr t\u00eb folur p\u00ebr rastin tragjik t\u00eb Bedrie Lok\u00ebs, 41-vje\u00e7ares q\u00eb i dha fund jet\u00ebs duke pir\u00eb fotoksin\u00eb pas bullizmit ndaj saj n\u00eb rrjetet sociale dhe dhun\u00ebs s\u00eb vazhdueshme nga bashk\u00ebshorti.<\/p>\n<p>Milaim Zeka tha se dhuna n\u00eb familje \u00ebsht\u00eb e zakont\u00eb n\u00eb Shqip\u00ebri madje ai u shpreh se njeh deputet\u00eb dhe politikan\u00eb q\u00eb ushtrojn\u00eb dhun\u00eb ndaj grave apo edhe ndaj f\u00ebmij\u00ebve t\u00eb tyre.<\/p>\n<p>\u201cKrejt kjo prodhon dhun\u00eb te qytetari i thjesht\u00eb q\u00eb i beson kutis\u00eb magjike televizive. Pastaj po t\u00eb kalojm\u00eb te pjesa d\u00ebrrmuese e deputet\u00ebve t\u00eb kuvendit t\u00eb Republik\u00ebs s\u00eb Shqip\u00ebris\u00eb, minimumi 50% e politikan\u00ebve dhe deputet\u00ebve n\u00eb Shqip\u00ebri dhe n\u00eb Kosov\u00eb, jan\u00eb njer\u00ebz q\u00eb kan\u00eb dosje p\u00ebr rrahje t\u00eb grave t\u00eb dashurave, p\u00ebr dhunimin e tyre, dhunimin e f\u00ebmij\u00ebve e t\u00eb tjera e t\u00eb tjera.<\/p>\n\n<div style=\"font-size: 0px; height: 0px; line-height: 0px; margin: 0; padding: 0; clear: both;\"><\/div>","protected":false},"excerpt":{"rendered":"<p>Gazetari Milaim Zeka ishte k\u00ebt\u00eb t\u00eb h\u00ebn\u00eb i ftuar n\u00eb \u201cNow me Erla M\u00ebhillin\u201d p\u00ebr t\u00eb folur p\u00ebr rastin tragjik t\u00eb Bedrie Lok\u00ebs, 41-vje\u00e7ares q\u00eb i dha&#8230; <\/p>\n","protected":false},"author":1,"featured_media":10658,"comment_status":"open","ping_status":"open","sticky":false,"template":"","format":"standard","meta":{"footnotes":""},"categories":[6],"tags":[],"class_list":["post-10657","post","type-post","status-publish","format-standard","has-post-thumbnail","hentry","category-lajme"],"_links":{"self":[{"href":"https:\/\/new.findnews5.com\/index.php?rest_route=\/wp\/v2\/posts\/10657","targetHints":{"allow":["GET"]}}],"collection":[{"href":"https:\/\/new.findnews5.com\/index.php?rest_route=\/wp\/v2\/posts"}],"about":[{"href":"https:\/\/new.findnews5.com\/index.php?rest_route=\/wp\/v2\/types\/post"}],"author":[{"embeddable":true,"href":"https:\/\/new.findnews5.com\/index.php?rest_route=\/wp\/v2\/users\/1"}],"replies":[{"embeddable":true,"href":"https:\/\/new.findnews5.com\/index.php?rest_route=%2Fwp%2Fv2%2Fcomments&post=10657"}],"version-history":[{"count":0,"href":"https:\/\/new.findnews5.com\/index.php?rest_route=\/wp\/v2\/posts\/10657\/revisions"}],"wp:featuredmedia":[{"embeddable":true,"href":"https:\/\/new.findnews5.com\/index.php?rest_route=\/wp\/v2\/media\/10658"}],"wp:attachment":[{"href":"https:\/\/new.findnews5.com\/index.php?rest_route=%2Fwp%2Fv2%2Fmedia&parent=10657"}],"wp:term":[{"taxonomy":"category","embeddable":true,"href":"https:\/\/new.findnews5.com\/index.php?rest_route=%2Fwp%2Fv2%2Fcategories&post=10657"},{"taxonomy":"post_tag","embeddable":true,"href":"https:\/\/new.findnews5.com\/index.php?rest_route=%2Fwp%2Fv2%2Ftags&post=10657"}],"curies":[{"name":"wp","href":"https:\/\/api.w.org\/{rel}","templated":true}]}}