{"id":10628,"date":"2024-01-08T23:29:18","date_gmt":"2024-01-08T23:29:18","guid":{"rendered":"https:\/\/new.findnews5.com\/?p=10628"},"modified":"2024-01-08T23:29:20","modified_gmt":"2024-01-08T23:29:20","slug":"moti-ekstrem-prek-kroacine-reshje-debore-dhe-erera-me-shpejtesi-170-km-h-perfshijne-vendin","status":"publish","type":"post","link":"https:\/\/new.findnews5.com\/?p=10628","title":{"rendered":"Moti ekstrem prek Kroacin\u00eb, reshje d\u00ebbore dhe er\u00ebra me shpejt\u00ebsi 170 km\/h p\u00ebrfshijn\u00eb vendin\u2026"},"content":{"rendered":"<div class=\"78954ae5fa42b68c1393fe3da4998882\" data-index=\"1\" style=\"float: none; margin:0px 0 0px 0; text-align:center;\">\n<div data-type=\"_mgwidget\" data-widget-id=\"1576712\">\r\n<\/div>\r\n<script>(function(w,q){w[q]=w[q]||[];w[q].push([\"_mgc.load\"])})(window,\"_mgq\");\r\n<\/script>\r\n\n<\/div>\n<p> Kroacia \u00ebsht\u00eb vendosur n\u00eb gatishm\u00ebri pas alarmit p\u00ebr mot ekstrem q\u00eb do t\u00eb p\u00ebrfshij\u00eb temperatura t\u00eb ul\u00ebta, er\u00ebra t\u00eb fuqishme dhe reshje d\u00ebbore.<\/p>\n<p>Si\u00e7 raportojn\u00eb mediat kroate, situata m\u00eb e v\u00ebshtir\u00eb \u00ebsht\u00eb n\u00eb rajonin e Rijek\u00ebs, n\u00eb kanalet Kvarner dhe Velebit p\u00ebr shkak t\u00eb nj\u00eb stuhie t\u00eb fort\u00eb, e cila me shum\u00eb mund\u00ebsi do t\u00eb forcohet gjat\u00eb nat\u00ebs.<\/p>\n<p>Pritet q\u00eb n\u00eb k\u00ebt\u00eb zon\u00eb era t\u00eb fryj\u00eb me shpejt\u00ebsi rreth 170 km\/h, nd\u00ebrsa n\u00eb bregdetin e Adriatikut priten reshje t\u00eb dendura d\u00ebbore.<\/p>\n<p>P\u00ebr shkak t\u00eb motit ekstrem jan\u00eb pezulluar lundrimet p\u00ebr disa linja tragetesh dhe l\u00ebvizja e varkave.<\/p>\n\n<div style=\"font-size: 0px; height: 0px; line-height: 0px; margin: 0; padding: 0; clear: both;\"><\/div>","protected":false},"excerpt":{"rendered":"<p>Kroacia \u00ebsht\u00eb vendosur n\u00eb gatishm\u00ebri pas alarmit p\u00ebr mot ekstrem q\u00eb do t\u00eb p\u00ebrfshij\u00eb temperatura t\u00eb ul\u00ebta, er\u00ebra t\u00eb fuqishme dhe reshje d\u00ebbore. Si\u00e7 raportojn\u00eb mediat kroate,&#8230; <\/p>\n","protected":false},"author":1,"featured_media":10629,"comment_status":"open","ping_status":"open","sticky":false,"template":"","format":"standard","meta":{"footnotes":""},"categories":[6],"tags":[],"class_list":["post-10628","post","type-post","status-publish","format-standard","has-post-thumbnail","hentry","category-lajme"],"_links":{"self":[{"href":"https:\/\/new.findnews5.com\/index.php?rest_route=\/wp\/v2\/posts\/10628","targetHints":{"allow":["GET"]}}],"collection":[{"href":"https:\/\/new.findnews5.com\/index.php?rest_route=\/wp\/v2\/posts"}],"about":[{"href":"https:\/\/new.findnews5.com\/index.php?rest_route=\/wp\/v2\/types\/post"}],"author":[{"embeddable":true,"href":"https:\/\/new.findnews5.com\/index.php?rest_route=\/wp\/v2\/users\/1"}],"replies":[{"embeddable":true,"href":"https:\/\/new.findnews5.com\/index.php?rest_route=%2Fwp%2Fv2%2Fcomments&post=10628"}],"version-history":[{"count":0,"href":"https:\/\/new.findnews5.com\/index.php?rest_route=\/wp\/v2\/posts\/10628\/revisions"}],"wp:featuredmedia":[{"embeddable":true,"href":"https:\/\/new.findnews5.com\/index.php?rest_route=\/wp\/v2\/media\/10629"}],"wp:attachment":[{"href":"https:\/\/new.findnews5.com\/index.php?rest_route=%2Fwp%2Fv2%2Fmedia&parent=10628"}],"wp:term":[{"taxonomy":"category","embeddable":true,"href":"https:\/\/new.findnews5.com\/index.php?rest_route=%2Fwp%2Fv2%2Fcategories&post=10628"},{"taxonomy":"post_tag","embeddable":true,"href":"https:\/\/new.findnews5.com\/index.php?rest_route=%2Fwp%2Fv2%2Ftags&post=10628"}],"curies":[{"name":"wp","href":"https:\/\/api.w.org\/{rel}","templated":true}]}}