{"id":10625,"date":"2024-01-08T23:25:13","date_gmt":"2024-01-08T23:25:13","guid":{"rendered":"https:\/\/new.findnews5.com\/?p=10625"},"modified":"2024-01-08T23:25:14","modified_gmt":"2024-01-08T23:25:14","slug":"flet-per-here-te-pare-nena-e-12-vjecares-qe-kishte-lidhje-me-29-vjecarin-kishin-vite-qe-flenin-ne-nje-dhome","status":"publish","type":"post","link":"https:\/\/new.findnews5.com\/?p=10625","title":{"rendered":"Flet per here te pare nena e 12 vjecares qe kishte lidhje me 29 vjecarin. Kishin vite qe flenin ne nje dhome"},"content":{"rendered":"<div class=\"78954ae5fa42b68c1393fe3da4998882\" data-index=\"1\" style=\"float: none; margin:0px 0 0px 0; text-align:center;\">\n<div data-type=\"_mgwidget\" data-widget-id=\"1576712\">\r\n<\/div>\r\n<script>(function(w,q){w[q]=w[q]||[];w[q].push([\"_mgc.load\"])})(window,\"_mgq\");\r\n<\/script>\r\n\n<\/div>\n<p>Flet per here te pare nena e 12 vjecares e cila ishte e lidhur me 29 vjecarin nga Pogradeci. Ajo ka treguar jeten e saj dhe mardhenien qe kishte me babain e 29 vjecarit.<\/p>\n<p>Ajo bashkejetonte me babain e 29 vjecarit ne nje dhome dhe vajza e saj 12 vjecare flinte ne dhome me 29 vjecarin. Nena ka thene se e zbulova nepermjet telefonit pasi i pash fotot dhe bisedat.<\/p>\n<p>Prej 3 vitesh ata flinin n\u00eb t\u00eb nj\u00ebjt\u00ebn dhom\u00eb me justifikimin q\u00eb s\u2019ka dhom\u00eb ku t\u00eb flem\u00eb. Bashk\u00ebjetuesi flinte me vajz\u00ebn e tij t\u00eb vog\u00ebl nd\u00ebrsa vajza ime flinte n\u00eb nj\u00eb dhom\u00eb me djalin e tij.<\/p>\n<p>Pash\u00eb fotot q\u00eb kishin dal\u00eb t\u00eb dy t\u00eb p\u00ebrqafuar n\u00eb telefon dhe disa biseda. Vajza nuk ju \u00ebsht\u00eb n\u00ebnshtruar kontrolleve mjek\u00ebsore deri tani. Nuk m\u00eb tregon vajza asgj\u00eb.<br \/>\nAsnj\u00ebri nuk e pranon nga t\u00eb dy t\u00eb v\u00ebrtet\u00ebn. E kuptova dy muaj m\u00eb par\u00eb i d\u00ebgjova pas der\u00ebs por nuk denoncova direkt se kisha frik\u00eb nga bashk\u00ebjetuesi sepse m\u00eb dhunonte. Ajo \u00ebsht\u00eb f\u00ebmij\u00eb\u201d, \u2013 tha n\u00ebna e 12-vje\u00e7ares.<\/p>\n<p><iframe loading=\"lazy\" width=\"560\" height=\"315\" src=\"https:\/\/www.youtube.com\/embed\/JSZLRlerg7M?si=H7fc4N67038uM7De\" title=\"YouTube video player\" frameborder=\"0\" allow=\"accelerometer; autoplay; clipboard-write; encrypted-media; gyroscope; picture-in-picture; web-share\" allowfullscreen><\/iframe><\/p>\n\n<div style=\"font-size: 0px; height: 0px; line-height: 0px; margin: 0; padding: 0; clear: both;\"><\/div>","protected":false},"excerpt":{"rendered":"<p>Flet per here te pare nena e 12 vjecares e cila ishte e lidhur me 29 vjecarin nga Pogradeci. Ajo ka treguar jeten e saj dhe mardhenien&#8230; <\/p>\n","protected":false},"author":1,"featured_media":10626,"comment_status":"open","ping_status":"open","sticky":false,"template":"","format":"standard","meta":{"footnotes":""},"categories":[6],"tags":[],"class_list":["post-10625","post","type-post","status-publish","format-standard","has-post-thumbnail","hentry","category-lajme"],"_links":{"self":[{"href":"https:\/\/new.findnews5.com\/index.php?rest_route=\/wp\/v2\/posts\/10625","targetHints":{"allow":["GET"]}}],"collection":[{"href":"https:\/\/new.findnews5.com\/index.php?rest_route=\/wp\/v2\/posts"}],"about":[{"href":"https:\/\/new.findnews5.com\/index.php?rest_route=\/wp\/v2\/types\/post"}],"author":[{"embeddable":true,"href":"https:\/\/new.findnews5.com\/index.php?rest_route=\/wp\/v2\/users\/1"}],"replies":[{"embeddable":true,"href":"https:\/\/new.findnews5.com\/index.php?rest_route=%2Fwp%2Fv2%2Fcomments&post=10625"}],"version-history":[{"count":0,"href":"https:\/\/new.findnews5.com\/index.php?rest_route=\/wp\/v2\/posts\/10625\/revisions"}],"wp:featuredmedia":[{"embeddable":true,"href":"https:\/\/new.findnews5.com\/index.php?rest_route=\/wp\/v2\/media\/10626"}],"wp:attachment":[{"href":"https:\/\/new.findnews5.com\/index.php?rest_route=%2Fwp%2Fv2%2Fmedia&parent=10625"}],"wp:term":[{"taxonomy":"category","embeddable":true,"href":"https:\/\/new.findnews5.com\/index.php?rest_route=%2Fwp%2Fv2%2Fcategories&post=10625"},{"taxonomy":"post_tag","embeddable":true,"href":"https:\/\/new.findnews5.com\/index.php?rest_route=%2Fwp%2Fv2%2Ftags&post=10625"}],"curies":[{"name":"wp","href":"https:\/\/api.w.org\/{rel}","templated":true}]}}