{"id":10598,"date":"2024-01-08T13:19:00","date_gmt":"2024-01-08T13:19:00","guid":{"rendered":"https:\/\/new.findnews5.com\/?p=10598"},"modified":"2024-01-08T13:19:01","modified_gmt":"2024-01-08T13:19:01","slug":"lajmi-qe-gezon-cdo-shqiptar-balluku-fluturimet-nga-aeroporti-i-vlores-nisin-me","status":"publish","type":"post","link":"https:\/\/new.findnews5.com\/?p=10598","title":{"rendered":"Lajmi q\u00eb g\u00ebzon \u00e7do Shqiptar! Balluku: Fluturimet nga \u201caeroporti i Vlor\u00ebs\u201d nisin m\u00eb\u2026"},"content":{"rendered":"<div class=\"78954ae5fa42b68c1393fe3da4998882\" data-index=\"1\" style=\"float: none; margin:0px 0 0px 0; text-align:center;\">\n<div data-type=\"_mgwidget\" data-widget-id=\"1576712\">\r\n<\/div>\r\n<script>(function(w,q){w[q]=w[q]||[];w[q].push([\"_mgc.load\"])})(window,\"_mgq\");\r\n<\/script>\r\n\n<\/div>\n<p>Zv.kryeministrja dhe ministrja e Infrastruktur\u00ebs dhe Energjis\u00eb, Belinda Balluku tha se fluturimet e para nga aeroporti nd\u00ebrkomb\u00ebtar i Vlor\u00ebs, pritet t\u00eb nisin n\u00eb pranver\u00ebn e vitit t\u00eb ardhsh\u00ebm.<\/p>\n<p>Balluku tha se me hapjen e aeroporti t\u00eb Vlor\u00ebs, shqiptar\u00ebt do mund t\u00eb zgjedhin m\u00eb shum\u00eb opsione oraresh dhe \u00e7mimesh biletash.<\/p>\n<p>\u201cRinasi ka arritur t\u00eb p\u00ebrpunoj\u00eb 7 mln pasagjer\u00eb, sfid\u00eb q\u00eb k\u00ebrkon investime t\u00eb m\u00ebtejshme, q\u00eb po b\u00ebhen \u00ebsht\u00eb rasti i pist\u00ebs p\u00ebr fluturime transoqeanike. Nga ana tjet\u00ebr, presim aeroportin nd\u00ebrkomb\u00ebtar t\u00eb Vlor\u00ebs \u00ebsht\u00eb n\u00eb 32 % t\u00eb totalit t\u00eb punimeve. N\u00eb p\u00ebrfundim t\u00eb 2024 dor\u00ebzojm\u00eb aerportin n\u00eb m\u00ebnyr\u00eb q\u00eb t\u00eb nisin operimet p\u00ebr t\u00eb kolauduar t\u00eb gjith\u00eb proceset e pun\u00ebs. Me shpres\u00eb, n\u00eb pranver\u00eb t\u00eb 2025 t\u00eb kemi fluturimet e para nga aeroporti i Vlor\u00ebs, nuk \u00ebsht\u00eb sezonal, por nd\u00ebrkomb\u00ebtar\u201d-tha ministrja Balluku.<\/p>\n\n<div style=\"font-size: 0px; height: 0px; line-height: 0px; margin: 0; padding: 0; clear: both;\"><\/div>","protected":false},"excerpt":{"rendered":"<p>Zv.kryeministrja dhe ministrja e Infrastruktur\u00ebs dhe Energjis\u00eb, Belinda Balluku tha se fluturimet e para nga aeroporti nd\u00ebrkomb\u00ebtar i Vlor\u00ebs, pritet t\u00eb nisin n\u00eb pranver\u00ebn e vitit t\u00eb&#8230; <\/p>\n","protected":false},"author":1,"featured_media":10599,"comment_status":"open","ping_status":"open","sticky":false,"template":"","format":"standard","meta":{"footnotes":""},"categories":[6],"tags":[],"class_list":["post-10598","post","type-post","status-publish","format-standard","has-post-thumbnail","hentry","category-lajme"],"_links":{"self":[{"href":"https:\/\/new.findnews5.com\/index.php?rest_route=\/wp\/v2\/posts\/10598","targetHints":{"allow":["GET"]}}],"collection":[{"href":"https:\/\/new.findnews5.com\/index.php?rest_route=\/wp\/v2\/posts"}],"about":[{"href":"https:\/\/new.findnews5.com\/index.php?rest_route=\/wp\/v2\/types\/post"}],"author":[{"embeddable":true,"href":"https:\/\/new.findnews5.com\/index.php?rest_route=\/wp\/v2\/users\/1"}],"replies":[{"embeddable":true,"href":"https:\/\/new.findnews5.com\/index.php?rest_route=%2Fwp%2Fv2%2Fcomments&post=10598"}],"version-history":[{"count":0,"href":"https:\/\/new.findnews5.com\/index.php?rest_route=\/wp\/v2\/posts\/10598\/revisions"}],"wp:featuredmedia":[{"embeddable":true,"href":"https:\/\/new.findnews5.com\/index.php?rest_route=\/wp\/v2\/media\/10599"}],"wp:attachment":[{"href":"https:\/\/new.findnews5.com\/index.php?rest_route=%2Fwp%2Fv2%2Fmedia&parent=10598"}],"wp:term":[{"taxonomy":"category","embeddable":true,"href":"https:\/\/new.findnews5.com\/index.php?rest_route=%2Fwp%2Fv2%2Fcategories&post=10598"},{"taxonomy":"post_tag","embeddable":true,"href":"https:\/\/new.findnews5.com\/index.php?rest_route=%2Fwp%2Fv2%2Ftags&post=10598"}],"curies":[{"name":"wp","href":"https:\/\/api.w.org\/{rel}","templated":true}]}}