{"id":10163,"date":"2024-01-01T22:26:38","date_gmt":"2024-01-01T22:26:38","guid":{"rendered":"https:\/\/new.findnews5.com\/?p=10163"},"modified":"2024-01-01T22:26:39","modified_gmt":"2024-01-01T22:26:39","slug":"rreth-12-mije-punetore-nga-sektori-i-ndertimtarise-jane-larguar-jashte-vendit","status":"publish","type":"post","link":"https:\/\/new.findnews5.com\/?p=10163","title":{"rendered":"Rreth 12 mij\u00eb pun\u00ebtor\u00eb nga sektori i nd\u00ebrtimtaris\u00eb jan\u00eb larguar jasht\u00eb vendit"},"content":{"rendered":"<div class=\"78954ae5fa42b68c1393fe3da4998882\" data-index=\"1\" style=\"float: none; margin:0px 0 0px 0; text-align:center;\">\n<div data-type=\"_mgwidget\" data-widget-id=\"1576712\">\r\n<\/div>\r\n<script>(function(w,q){w[q]=w[q]||[];w[q].push([\"_mgc.load\"])})(window,\"_mgq\");\r\n<\/script>\r\n\n<\/div>\n<p>Vet\u00ebm nga sektori i nd\u00ebrtimtaris\u00eb n\u00eb Maqedonin\u00eb e Veriut jan\u00eb larguar rreth 12 mij\u00eb pun\u00ebtor\u00eb gjat\u00eb vitit t\u00eb kaluar, e ky fakt \u00ebsht\u00eb shqet\u00ebsues thon\u00eb nga sindikata e nd\u00ebrtimtaris\u00eb.<\/p>\n<p>Kryetari i k\u00ebsaj sindikate Ivan Peshevski thot\u00eb se pun\u00ebtor\u00ebt ende nuk jan\u00eb n\u00eb pozit\u00ebn q\u00eb duhet, ndon\u00ebse n\u00eb vitin q\u00eb lam\u00eb pas arrit\u00ebn nj\u00eb sukses duke n\u00ebnshkruar marr\u00ebveshjen kolektive p\u00ebr t\u00eb pun\u00ebsuarit n\u00eb sektorin publik.<\/p>\n<p>\u201cPagat jan\u00eb vazhdimisht n\u00eb rritje, por p\u00ebr ne si p\u00ebrfaq\u00ebsues t\u00eb sindikatave mendojm\u00eb se ende nuk mjaftojn\u00eb p\u00ebr t\u00eb mbajtur pun\u00ebtor\u00ebt, duke pasur parasysh se n\u00eb sektorin e nd\u00ebrtimit vitin e kaluar jan\u00eb larguar rreth 12 mij\u00eb pun\u00ebtor\u00eb dhe kjo \u00ebsht\u00eb nj\u00eb fakt shkat\u00ebrrues, p\u00ebr nj\u00eb shtet q\u00eb aspiron p\u00ebr n\u00eb Bashkimin Evropian. Thjesht t\u2019i largoj\u00eb pun\u00ebtor\u00ebt n\u00eb per\u00ebndim p\u00ebr kushte m\u00eb t\u00eb mira dhe paga m\u00eb t\u00eb larta n\u00eb vend q\u00eb pun\u00ebdh\u00ebn\u00ebsit dhe shteti t\u2019i mbaj\u00eb ata k\u00ebtu\u201d, deklaroi Ivan Peshevski \u2013 Sindikata e Nd\u00ebrtimtaris\u00eb dhe Industris\u00eb.<\/p>\n\n<div style=\"font-size: 0px; height: 0px; line-height: 0px; margin: 0; padding: 0; clear: both;\"><\/div>","protected":false},"excerpt":{"rendered":"<p>Vet\u00ebm nga sektori i nd\u00ebrtimtaris\u00eb n\u00eb Maqedonin\u00eb e Veriut jan\u00eb larguar rreth 12 mij\u00eb pun\u00ebtor\u00eb gjat\u00eb vitit t\u00eb kaluar, e ky fakt \u00ebsht\u00eb shqet\u00ebsues thon\u00eb nga sindikata&#8230; <\/p>\n","protected":false},"author":1,"featured_media":10164,"comment_status":"open","ping_status":"open","sticky":false,"template":"","format":"standard","meta":{"footnotes":""},"categories":[6],"tags":[],"class_list":["post-10163","post","type-post","status-publish","format-standard","has-post-thumbnail","hentry","category-lajme"],"_links":{"self":[{"href":"https:\/\/new.findnews5.com\/index.php?rest_route=\/wp\/v2\/posts\/10163","targetHints":{"allow":["GET"]}}],"collection":[{"href":"https:\/\/new.findnews5.com\/index.php?rest_route=\/wp\/v2\/posts"}],"about":[{"href":"https:\/\/new.findnews5.com\/index.php?rest_route=\/wp\/v2\/types\/post"}],"author":[{"embeddable":true,"href":"https:\/\/new.findnews5.com\/index.php?rest_route=\/wp\/v2\/users\/1"}],"replies":[{"embeddable":true,"href":"https:\/\/new.findnews5.com\/index.php?rest_route=%2Fwp%2Fv2%2Fcomments&post=10163"}],"version-history":[{"count":0,"href":"https:\/\/new.findnews5.com\/index.php?rest_route=\/wp\/v2\/posts\/10163\/revisions"}],"wp:featuredmedia":[{"embeddable":true,"href":"https:\/\/new.findnews5.com\/index.php?rest_route=\/wp\/v2\/media\/10164"}],"wp:attachment":[{"href":"https:\/\/new.findnews5.com\/index.php?rest_route=%2Fwp%2Fv2%2Fmedia&parent=10163"}],"wp:term":[{"taxonomy":"category","embeddable":true,"href":"https:\/\/new.findnews5.com\/index.php?rest_route=%2Fwp%2Fv2%2Fcategories&post=10163"},{"taxonomy":"post_tag","embeddable":true,"href":"https:\/\/new.findnews5.com\/index.php?rest_route=%2Fwp%2Fv2%2Ftags&post=10163"}],"curies":[{"name":"wp","href":"https:\/\/api.w.org\/{rel}","templated":true}]}}