{"id":10156,"date":"2024-01-01T16:30:45","date_gmt":"2024-01-01T16:30:45","guid":{"rendered":"https:\/\/new.findnews5.com\/?p=10156"},"modified":"2024-01-01T16:30:49","modified_gmt":"2024-01-01T16:30:49","slug":"mos-festo-festat-jomuslimane-digjet-bredhi-ne-han-te-elezit-shkruan-se-viti-i-ri-seshte-feste-e-jona","status":"publish","type":"post","link":"https:\/\/new.findnews5.com\/?p=10156","title":{"rendered":"\u201cMos festo festat jomuslimane!\u201d Digjet bredhi n\u00eb Han t\u00eb Elezit, shkruan se &#8216;Viti i Ri s&#8217;\u00ebsht\u00eb fest\u00eb e jona&#8217;"},"content":{"rendered":"<div class=\"78954ae5fa42b68c1393fe3da4998882\" data-index=\"1\" style=\"float: none; margin:0px 0 0px 0; text-align:center;\">\n<div data-type=\"_mgwidget\" data-widget-id=\"1576712\">\r\n<\/div>\r\n<script>(function(w,q){w[q]=w[q]||[];w[q].push([\"_mgc.load\"])})(window,\"_mgq\");\r\n<\/script>\r\n\n<\/div>\n<p>Sot n\u00eb oborrin e Komun\u00ebs s\u00eb Hanit t\u00eb Elezit n\u00eb Kosov\u00eb i \u00ebsht\u00eb v\u00ebn\u00eb zjarri bredhit t\u00eb vendosur p\u00ebr Vitin e Ri. Rastin e ka konfirmuar z\u00ebdh\u00ebn\u00ebsi i Policis\u00eb p\u00ebr rajonin e Ferizajt, Kanun Veseli.<\/p>\n<p>\u201cPatrulla e policis\u00eb ka dal\u00eb menj\u00ebher\u00eb n\u00eb vendin e ngjarjes, nd\u00ebrkoh\u00eb q\u00eb edhe nj\u00eb ekip\u00eb e zjarr\u00ebfik\u00ebsve ka lokalizuar zjarrin. Lidhur me rastin \u00ebsht\u00eb njoftuar edhe prokurori kujdestar\u00eb dhe \u00ebsht\u00eb inicuar nj\u00eb rast \u201cShkaktim i rrezikut t\u00eb p\u00ebrgjithshem\u201d. Nd\u00ebrsa n\u00eb rast jan\u00eb ky\u00e7ur edhe nj\u00ebsia e hetimeve, t\u00eb cil\u00ebt po e hetojn\u00eb rastin.\u201d, tha ai.<\/p>\n<p>Tutje, Veseli b\u00ebri t\u00eb ditur se sot jan\u00eb v\u00ebrejtur disa mbishkrime \u201cViti i Ri nuk \u00ebsht\u00eb e jona, mos festo festat e jomysliman\u00ebve\u201d.<\/p>\n\n<div style=\"font-size: 0px; height: 0px; line-height: 0px; margin: 0; padding: 0; clear: both;\"><\/div>","protected":false},"excerpt":{"rendered":"<p>Sot n\u00eb oborrin e Komun\u00ebs s\u00eb Hanit t\u00eb Elezit n\u00eb Kosov\u00eb i \u00ebsht\u00eb v\u00ebn\u00eb zjarri bredhit t\u00eb vendosur p\u00ebr Vitin e Ri. Rastin e ka konfirmuar z\u00ebdh\u00ebn\u00ebsi&#8230; <\/p>\n","protected":false},"author":1,"featured_media":10157,"comment_status":"open","ping_status":"open","sticky":false,"template":"","format":"standard","meta":{"footnotes":""},"categories":[6],"tags":[],"class_list":["post-10156","post","type-post","status-publish","format-standard","has-post-thumbnail","hentry","category-lajme"],"_links":{"self":[{"href":"https:\/\/new.findnews5.com\/index.php?rest_route=\/wp\/v2\/posts\/10156","targetHints":{"allow":["GET"]}}],"collection":[{"href":"https:\/\/new.findnews5.com\/index.php?rest_route=\/wp\/v2\/posts"}],"about":[{"href":"https:\/\/new.findnews5.com\/index.php?rest_route=\/wp\/v2\/types\/post"}],"author":[{"embeddable":true,"href":"https:\/\/new.findnews5.com\/index.php?rest_route=\/wp\/v2\/users\/1"}],"replies":[{"embeddable":true,"href":"https:\/\/new.findnews5.com\/index.php?rest_route=%2Fwp%2Fv2%2Fcomments&post=10156"}],"version-history":[{"count":0,"href":"https:\/\/new.findnews5.com\/index.php?rest_route=\/wp\/v2\/posts\/10156\/revisions"}],"wp:featuredmedia":[{"embeddable":true,"href":"https:\/\/new.findnews5.com\/index.php?rest_route=\/wp\/v2\/media\/10157"}],"wp:attachment":[{"href":"https:\/\/new.findnews5.com\/index.php?rest_route=%2Fwp%2Fv2%2Fmedia&parent=10156"}],"wp:term":[{"taxonomy":"category","embeddable":true,"href":"https:\/\/new.findnews5.com\/index.php?rest_route=%2Fwp%2Fv2%2Fcategories&post=10156"},{"taxonomy":"post_tag","embeddable":true,"href":"https:\/\/new.findnews5.com\/index.php?rest_route=%2Fwp%2Fv2%2Ftags&post=10156"}],"curies":[{"name":"wp","href":"https:\/\/api.w.org\/{rel}","templated":true}]}}