{"id":10150,"date":"2024-01-01T16:22:55","date_gmt":"2024-01-01T16:22:55","guid":{"rendered":"https:\/\/new.findnews5.com\/?p=10150"},"modified":"2024-01-01T16:22:56","modified_gmt":"2024-01-01T16:22:56","slug":"beleri-del-nga-burgu-dhe-shkon-ne-varrimin-e-gjyshes-mbeshtetesit-perplasen-me-policine","status":"publish","type":"post","link":"https:\/\/new.findnews5.com\/?p=10150","title":{"rendered":"Beleri del nga burgu dhe shkon n\u00eb varrimin e gjyshes, mb\u00ebshtet\u00ebsit p\u00ebrplasen me policin\u00eb"},"content":{"rendered":"<div class=\"78954ae5fa42b68c1393fe3da4998882\" data-index=\"1\" style=\"float: none; margin:0px 0 0px 0; text-align:center;\">\n<div data-type=\"_mgwidget\" data-widget-id=\"1576712\">\r\n<\/div>\r\n<script>(function(w,q){w[q]=w[q]||[];w[q].push([\"_mgc.load\"])})(window,\"_mgq\");\r\n<\/script>\r\n\n<\/div>\n<p>Me pranga n\u00eb duar dhe me syze dielli, Fredi Beleri u shfaq n\u00eb varrezat e Himar\u00ebs n\u00eb ceremonin\u00eb mortore t\u00eb gjyshes s\u00eb tij. Atij iu dha 6 or\u00eb leje nga Prokuroria e Posa\u00e7me.<\/p>\n<p>Para mb\u00ebrritjes, dhjet\u00ebra forca policie ishin v\u00ebn\u00eb n\u00eb gatishm\u00ebri p\u00ebr t\u00eb shmangur incidentet nga mb\u00ebshtet\u00ebsit e Belerit. Beleri q\u00ebndroi p\u00ebr disa or\u00eb n\u00eb makin\u00ebn e drejtoris\u00eb s\u00eb burgjeve n\u00eb pritje t\u00eb ardhjes s\u00eb kortezhit.<\/p>\n<p>Nuk \u00ebsht\u00eb lejuar p\u00ebr asnj\u00eb moment t\u00eb dal\u00eb nga automjeti apo t\u00eb takoj\u00eb simpatizant\u00ebt. Disa prej tyre u k\u00ebrkuan forcave t\u00eb policis\u00eb q\u00eb t\u2019i lejojn\u00eb ta takojn\u00eb kryetarin e zgjedhur, por u refuzuan. Kjo gj\u00eb solli imitimin e mb\u00ebshtet\u00ebsve q\u00eb ofenduan policin\u00eb. Madje ndaj tyre u hodh\u00ebn dhe buqetat e luleve.<\/p>\n\n<div style=\"font-size: 0px; height: 0px; line-height: 0px; margin: 0; padding: 0; clear: both;\"><\/div>","protected":false},"excerpt":{"rendered":"<p>Me pranga n\u00eb duar dhe me syze dielli, Fredi Beleri u shfaq n\u00eb varrezat e Himar\u00ebs n\u00eb ceremonin\u00eb mortore t\u00eb gjyshes s\u00eb tij. Atij iu dha 6&#8230; <\/p>\n","protected":false},"author":1,"featured_media":10151,"comment_status":"open","ping_status":"open","sticky":false,"template":"","format":"standard","meta":{"footnotes":""},"categories":[6],"tags":[],"class_list":["post-10150","post","type-post","status-publish","format-standard","has-post-thumbnail","hentry","category-lajme"],"_links":{"self":[{"href":"https:\/\/new.findnews5.com\/index.php?rest_route=\/wp\/v2\/posts\/10150","targetHints":{"allow":["GET"]}}],"collection":[{"href":"https:\/\/new.findnews5.com\/index.php?rest_route=\/wp\/v2\/posts"}],"about":[{"href":"https:\/\/new.findnews5.com\/index.php?rest_route=\/wp\/v2\/types\/post"}],"author":[{"embeddable":true,"href":"https:\/\/new.findnews5.com\/index.php?rest_route=\/wp\/v2\/users\/1"}],"replies":[{"embeddable":true,"href":"https:\/\/new.findnews5.com\/index.php?rest_route=%2Fwp%2Fv2%2Fcomments&post=10150"}],"version-history":[{"count":0,"href":"https:\/\/new.findnews5.com\/index.php?rest_route=\/wp\/v2\/posts\/10150\/revisions"}],"wp:featuredmedia":[{"embeddable":true,"href":"https:\/\/new.findnews5.com\/index.php?rest_route=\/wp\/v2\/media\/10151"}],"wp:attachment":[{"href":"https:\/\/new.findnews5.com\/index.php?rest_route=%2Fwp%2Fv2%2Fmedia&parent=10150"}],"wp:term":[{"taxonomy":"category","embeddable":true,"href":"https:\/\/new.findnews5.com\/index.php?rest_route=%2Fwp%2Fv2%2Fcategories&post=10150"},{"taxonomy":"post_tag","embeddable":true,"href":"https:\/\/new.findnews5.com\/index.php?rest_route=%2Fwp%2Fv2%2Ftags&post=10150"}],"curies":[{"name":"wp","href":"https:\/\/api.w.org\/{rel}","templated":true}]}}