{"id":10126,"date":"2024-01-01T12:00:44","date_gmt":"2024-01-01T12:00:44","guid":{"rendered":"https:\/\/new.findnews5.com\/?p=10126"},"modified":"2024-01-01T12:00:46","modified_gmt":"2024-01-01T12:00:46","slug":"viti-i-ri-e-gjen-arbana-osmanin-ne-spital-qka-i-ndodhi","status":"publish","type":"post","link":"https:\/\/new.findnews5.com\/?p=10126","title":{"rendered":"Viti i ri e gjen Arbana Osmanin ne spital, qka i ndodhi ??"},"content":{"rendered":"<div class=\"78954ae5fa42b68c1393fe3da4998882\" data-index=\"1\" style=\"float: none; margin:0px 0 0px 0; text-align:center;\">\n<div data-type=\"_mgwidget\" data-widget-id=\"1576712\">\r\n<\/div>\r\n<script>(function(w,q){w[q]=w[q]||[];w[q].push([\"_mgc.load\"])})(window,\"_mgq\");\r\n<\/script>\r\n\n<\/div>\n<p>Nata e nd\u00ebrrimit te viteve si pasoj\u00eb e nj\u00eb komplikacioni sh\u00ebndet\u00ebsor q\u00eb pati Dielli im, na gjeti n\u00eb Qendr\u00ebn spitalore \u201cN\u00ebn\u00eb Tereza\u201d, aty ku bashk\u00eb me shum\u00eb vog\u00eblush\u00eb t\u00eb tjer\u00eb t\u00eb guximsh\u00ebm e prind\u00ebr t\u00eb frik\u00ebsuar, po presim vitin e ri vet\u00ebm me nj\u00eb urim: t\u00eb kemi sh\u00ebndet.<\/p>\n<p>Viti q\u00eb lam\u00eb pas p\u00ebr mua ka qene nje vit intensiv n\u00eb pun\u00eb, n\u00eb emocione, sipermarrje dhe marrdh\u00ebnie. Ka qen\u00eb nj\u00eb vit me momente kur m\u00eb dukej se po \u201cthyhesha\u201d e n\u00eb fakt me kalimin e koh\u00ebs kam kuptuar se po \u201cnd\u00ebrtohesha\u201d.<\/p>\n<p>Dita e fundit e 2023 e kaluar n\u00eb repartin e reanimacionit m\u00eb b\u00ebri t\u00eb kuptoj edhe nj\u00eb her\u00eb se cfare vlen me t\u00eb vertet\u00eb dhe sa t\u00eb par\u00ebnd\u00ebsishme kan\u00eb qen\u00eb disa nga m\u00ebrzit\u00eb e k\u00ebtij viti.<\/p>\n\n<div style=\"font-size: 0px; height: 0px; line-height: 0px; margin: 0; padding: 0; clear: both;\"><\/div>","protected":false},"excerpt":{"rendered":"<p>Nata e nd\u00ebrrimit te viteve si pasoj\u00eb e nj\u00eb komplikacioni sh\u00ebndet\u00ebsor q\u00eb pati Dielli im, na gjeti n\u00eb Qendr\u00ebn spitalore \u201cN\u00ebn\u00eb Tereza\u201d, aty ku bashk\u00eb me shum\u00eb&#8230; <\/p>\n","protected":false},"author":1,"featured_media":10127,"comment_status":"open","ping_status":"open","sticky":false,"template":"","format":"standard","meta":{"footnotes":""},"categories":[6],"tags":[],"class_list":["post-10126","post","type-post","status-publish","format-standard","has-post-thumbnail","hentry","category-lajme"],"_links":{"self":[{"href":"https:\/\/new.findnews5.com\/index.php?rest_route=\/wp\/v2\/posts\/10126","targetHints":{"allow":["GET"]}}],"collection":[{"href":"https:\/\/new.findnews5.com\/index.php?rest_route=\/wp\/v2\/posts"}],"about":[{"href":"https:\/\/new.findnews5.com\/index.php?rest_route=\/wp\/v2\/types\/post"}],"author":[{"embeddable":true,"href":"https:\/\/new.findnews5.com\/index.php?rest_route=\/wp\/v2\/users\/1"}],"replies":[{"embeddable":true,"href":"https:\/\/new.findnews5.com\/index.php?rest_route=%2Fwp%2Fv2%2Fcomments&post=10126"}],"version-history":[{"count":0,"href":"https:\/\/new.findnews5.com\/index.php?rest_route=\/wp\/v2\/posts\/10126\/revisions"}],"wp:featuredmedia":[{"embeddable":true,"href":"https:\/\/new.findnews5.com\/index.php?rest_route=\/wp\/v2\/media\/10127"}],"wp:attachment":[{"href":"https:\/\/new.findnews5.com\/index.php?rest_route=%2Fwp%2Fv2%2Fmedia&parent=10126"}],"wp:term":[{"taxonomy":"category","embeddable":true,"href":"https:\/\/new.findnews5.com\/index.php?rest_route=%2Fwp%2Fv2%2Fcategories&post=10126"},{"taxonomy":"post_tag","embeddable":true,"href":"https:\/\/new.findnews5.com\/index.php?rest_route=%2Fwp%2Fv2%2Ftags&post=10126"}],"curies":[{"name":"wp","href":"https:\/\/api.w.org\/{rel}","templated":true}]}}