{"id":10119,"date":"2024-01-01T01:14:42","date_gmt":"2024-01-01T01:14:42","guid":{"rendered":"https:\/\/new.findnews5.com\/?p=10119"},"modified":"2024-01-01T01:14:43","modified_gmt":"2024-01-01T01:14:43","slug":"ky-ka-qene-i-forti-i-korcesburri-i-eli-fares-e-dini-pse-nuk-u-m-artua-me","status":"publish","type":"post","link":"https:\/\/new.findnews5.com\/?p=10119","title":{"rendered":"Ky ka qen\u00eb i forti i Kor\u00e7\u00ebs,burri i Eli Far\u00ebs. E dini pse nuk u m artua me.."},"content":{"rendered":"<div class=\"78954ae5fa42b68c1393fe3da4998882\" data-index=\"1\" style=\"float: none; margin:0px 0 0px 0; text-align:center;\">\n<div data-type=\"_mgwidget\" data-widget-id=\"1576712\">\r\n<\/div>\r\n<script>(function(w,q){w[q]=w[q]||[];w[q].push([\"_mgc.load\"])})(window,\"_mgq\");\r\n<\/script>\r\n\n<\/div>\n<p>K\u00ebng\u00ebtarja kor\u00e7are \u00ebsht\u00eb nd ar\u00eb nga bashk\u00ebshorti i saj para shum\u00eb vitesh, kur Marina, vajza e saj ishte vet\u00ebm disa muajshe.<\/p>\n<p>M\u00eb pas Eli nuk \u00ebsht\u00eb m artuar m\u00eb dhe nuk ka bere asnj\u00eb lidhje tjet\u00ebr d ashurie publike, edhe pse thashethemet nuk mu ngonin.Por e dini se kush \u00ebsht\u00eb babai i Marin\u00ebs?<br \/>\nBabai i Marin\u00ebs dhe ish-ba shk\u00ebshorti i Elit njihet si Lul Kapurani por emri i tij i v\u00ebrtet\u00eb \u00ebsht\u00eb Vangjush Kapurani. Edhe Marina mban mbiemrin e tij, madje ligj\u00ebrisht n\u00eb gjendjen civile ajo quhet Roxhensa Kapurani<\/p>\n<p>Mbase emrin e tij nuk e keni t\u00eb d\u00ebgjuar, por Luli ka pasur pr obleme me drejt\u2019\u00ebsin\u00eb para disa viteve dhe njihej si \u201cKapo i Ba\u2019nd\u00ebs s\u00eb \u00c7obenjve\u201d. Sipas burimeve pran\u00eb Luli jeton n\u00eb Kor\u00e7\u00eb por prej 20 v itesh nuk dihet \u00e7far\u00eb b\u00ebhet me t\u00eb.<\/p>\n\n<div style=\"font-size: 0px; height: 0px; line-height: 0px; margin: 0; padding: 0; clear: both;\"><\/div>","protected":false},"excerpt":{"rendered":"<p>K\u00ebng\u00ebtarja kor\u00e7are \u00ebsht\u00eb nd ar\u00eb nga bashk\u00ebshorti i saj para shum\u00eb vitesh, kur Marina, vajza e saj ishte vet\u00ebm disa muajshe. M\u00eb pas Eli nuk \u00ebsht\u00eb m&#8230; <\/p>\n","protected":false},"author":1,"featured_media":10120,"comment_status":"open","ping_status":"open","sticky":false,"template":"","format":"standard","meta":{"footnotes":""},"categories":[6],"tags":[],"class_list":["post-10119","post","type-post","status-publish","format-standard","has-post-thumbnail","hentry","category-lajme"],"_links":{"self":[{"href":"https:\/\/new.findnews5.com\/index.php?rest_route=\/wp\/v2\/posts\/10119","targetHints":{"allow":["GET"]}}],"collection":[{"href":"https:\/\/new.findnews5.com\/index.php?rest_route=\/wp\/v2\/posts"}],"about":[{"href":"https:\/\/new.findnews5.com\/index.php?rest_route=\/wp\/v2\/types\/post"}],"author":[{"embeddable":true,"href":"https:\/\/new.findnews5.com\/index.php?rest_route=\/wp\/v2\/users\/1"}],"replies":[{"embeddable":true,"href":"https:\/\/new.findnews5.com\/index.php?rest_route=%2Fwp%2Fv2%2Fcomments&post=10119"}],"version-history":[{"count":0,"href":"https:\/\/new.findnews5.com\/index.php?rest_route=\/wp\/v2\/posts\/10119\/revisions"}],"wp:featuredmedia":[{"embeddable":true,"href":"https:\/\/new.findnews5.com\/index.php?rest_route=\/wp\/v2\/media\/10120"}],"wp:attachment":[{"href":"https:\/\/new.findnews5.com\/index.php?rest_route=%2Fwp%2Fv2%2Fmedia&parent=10119"}],"wp:term":[{"taxonomy":"category","embeddable":true,"href":"https:\/\/new.findnews5.com\/index.php?rest_route=%2Fwp%2Fv2%2Fcategories&post=10119"},{"taxonomy":"post_tag","embeddable":true,"href":"https:\/\/new.findnews5.com\/index.php?rest_route=%2Fwp%2Fv2%2Ftags&post=10119"}],"curies":[{"name":"wp","href":"https:\/\/api.w.org\/{rel}","templated":true}]}}